{"id":4649,"date":"2019-03-15T09:08:17","date_gmt":"2019-03-15T08:08:17","guid":{"rendered":"http:\/\/agora.xtec.cat\/escolapablopicasso\/?p=4649"},"modified":"2019-03-29T13:20:45","modified_gmt":"2019-03-29T12:20:45","slug":"exposicio-picasso-2019","status":"publish","type":"post","link":"https:\/\/agora.xtec.cat\/escolapablopicasso\/general\/exposicio-picasso-2019\/","title":{"rendered":"EXPOSICI\u00d3 PICASSO 2019"},"content":{"rendered":"<p>Aquest curs hem volgut dedicar la nostra exposici\u00f3 a l&#8217;artista que d\u00f3na nom a l&#8217;escola, Pablo Picasso. Aix\u00ed que durant el curs els infants han estat treballant les \u00e8poques: blava, rosa, cubista i expressionista a m\u00e9s de la seva hist\u00f2ria i alguns dels seus quadres i obres.<\/p>\n<p>A m\u00e9s, hem volgut canviar l&#8217;entrada de l&#8217;escola i els\/les alumnes de 5\u00e8 i 6\u00e8 han realitzat el mural de l&#8217;entrada a l&#8217;escola, que ja podeu veure, que reprodueix l&#8217;obra tan coneguda del &#8220;Guernica&#8221;. A les classes s&#8217;ha estat treballant la seva import\u00e0ncia i context hist\u00f2ric, els seus elements i el significat de cada un d&#8217;ells. Per \u00faltim, l&#8217;han reprodu\u00eft sota la direcci\u00f3 de l&#8217;\u00cdngrid Rivero, la nostra vetlladora i artista de l&#8217;escola.<\/p>\n<p>Us convidem a que vingueu a l&#8217;escola a veure tot el que els infants han creat i treballat <strong>el dijous, 21 de mar\u00e7 de 16:35 a 17:00h<\/strong> i <strong>el divendres, 22 de mar\u00e7 de 12:35 a 13:00h<\/strong>.<\/p>\n<p>Aqu\u00ed teniu el tr\u00edptic:<\/p>\n<p style=\"margin: 12px auto 6px auto; font-family: Helvetica,Arial,Sans-serif; font-style: normal; font-variant: normal; font-weight: normal; font-size: 14px; line-height: normal; font-size-adjust: none; font-stretch: normal; -x-system-font: none; display: block;\"><a style=\"text-decoration: underline;\" title=\"View Triptic Exposici\u00f3 Picasso 2019 on Scribd\" href=\"https:\/\/www.scribd.com\/document\/402489438\/Triptic-Exposicio-Picasso-2019#from_embed\">Triptic Exposici\u00f3 Picasso 2019<\/a><\/p>\n<p><iframe loading=\"lazy\" id=\"doc_6102\" class=\"scribd_iframe_embed\" title=\"Triptic Exposici\u00f3 Picasso 2019\" src=\"https:\/\/www.scribd.com\/embeds\/402489438\/content?start_page=1&amp;view_mode=scroll&amp;access_key=key-1jc1pCPziO8d5hNJtgYX&amp;show_recommendations=true\" width=\"600\" height=\"800\" frameborder=\"0\" scrolling=\"no\" data-auto-height=\"false\" data-aspect-ratio=\"1.414442700156986\"><\/iframe><\/p>\n<p>&nbsp;<\/p>\n","protected":false},"excerpt":{"rendered":"<p>Aquest curs hem volgut dedicar la nostra exposici\u00f3 a l&#8217;artista que d\u00f3na nom a l&#8217;escola, Pablo Picasso. Aix\u00ed que durant el curs els infants han estat treballant les \u00e8poques: blava, rosa, cubista i expressionista a m\u00e9s de la seva hist\u00f2ria i alguns dels seus quadres&hellip;  <a href=\"https:\/\/agora.xtec.cat\/escolapablopicasso\/general\/exposicio-picasso-2019\/\" title=\"Read EXPOSICI\u00d3 PICASSO 2019\">Llegeix m\u00e9s\u00bb<\/a><\/p>\n","protected":false},"author":1,"featured_media":0,"comment_status":"open","ping_status":"closed","sticky":false,"template":"","format":"standard","meta":{"_bbp_topic_count":0,"_bbp_reply_count":0,"_bbp_total_topic_count":0,"_bbp_total_reply_count":0,"_bbp_voice_count":0,"_bbp_anonymous_reply_count":0,"_bbp_topic_count_hidden":0,"_bbp_reply_count_hidden":0,"_bbp_forum_subforum_count":0,"footnotes":""},"categories":[1,2,4,5,26],"tags":[],"class_list":["post-4649","post","type-post","status-publish","format-standard","hentry","category-general","category-infantil","category-portada","category-primaria","category-tallers"],"post_mailing_queue_ids":[],"_links":{"self":[{"href":"https:\/\/agora.xtec.cat\/escolapablopicasso\/wp-json\/wp\/v2\/posts\/4649","targetHints":{"allow":["GET"]}}],"collection":[{"href":"https:\/\/agora.xtec.cat\/escolapablopicasso\/wp-json\/wp\/v2\/posts"}],"about":[{"href":"https:\/\/agora.xtec.cat\/escolapablopicasso\/wp-json\/wp\/v2\/types\/post"}],"author":[{"embeddable":true,"href":"https:\/\/agora.xtec.cat\/escolapablopicasso\/wp-json\/wp\/v2\/users\/1"}],"replies":[{"embeddable":true,"href":"https:\/\/agora.xtec.cat\/escolapablopicasso\/wp-json\/wp\/v2\/comments?post=4649"}],"version-history":[{"count":1,"href":"https:\/\/agora.xtec.cat\/escolapablopicasso\/wp-json\/wp\/v2\/posts\/4649\/revisions"}],"predecessor-version":[{"id":4650,"href":"https:\/\/agora.xtec.cat\/escolapablopicasso\/wp-json\/wp\/v2\/posts\/4649\/revisions\/4650"}],"wp:attachment":[{"href":"https:\/\/agora.xtec.cat\/escolapablopicasso\/wp-json\/wp\/v2\/media?parent=4649"}],"wp:term":[{"taxonomy":"category","embeddable":true,"href":"https:\/\/agora.xtec.cat\/escolapablopicasso\/wp-json\/wp\/v2\/categories?post=4649"},{"taxonomy":"post_tag","embeddable":true,"href":"https:\/\/agora.xtec.cat\/escolapablopicasso\/wp-json\/wp\/v2\/tags?post=4649"}],"curies":[{"name":"wp","href":"https:\/\/api.w.org\/{rel}","templated":true}]}}