{"id":4645,"date":"2019-03-20T09:39:34","date_gmt":"2019-03-20T08:39:34","guid":{"rendered":"http:\/\/agora.xtec.cat\/escolapablopicasso\/?p=4645"},"modified":"2019-03-20T09:39:50","modified_gmt":"2019-03-20T08:39:50","slug":"jornades-atletiques-2019","status":"publish","type":"post","link":"https:\/\/agora.xtec.cat\/escolapablopicasso\/general\/jornades-atletiques-2019\/","title":{"rendered":"JORNADES ATL\u00c8TIQUES 2019"},"content":{"rendered":"<p>Els i les alumnes de 6\u00e8 han anat a les Jornades atl\u00e8tiques que cada any organitzen els i les mestres d\u2019Educaci\u00f3 F\u00edsica de les escoles de Barber\u00e0 i Badia del Vall\u00e8s. All\u00e0 han fet curses de 60, 110 i 800m, han fet relleus, frisbee, salts, etc.<\/p>\n<p>Ho han fet molt b\u00e9 tots! Felicitats a tots\/es els que heu participat! Ho heu fet molt b\u00e9!!!<\/p>\n<p><iframe loading=\"lazy\" title=\"Jornades atl\u00e8tiques 2019\" width=\"500\" height=\"281\" src=\"https:\/\/www.youtube.com\/embed\/oluryo8alNA?feature=oembed\" frameborder=\"0\" allow=\"accelerometer; autoplay; clipboard-write; encrypted-media; gyroscope; picture-in-picture; web-share\" referrerpolicy=\"strict-origin-when-cross-origin\" allowfullscreen><\/iframe><\/p>\n","protected":false},"excerpt":{"rendered":"<p>Els i les alumnes de 6\u00e8 han anat a les Jornades atl\u00e8tiques que cada any organitzen els i les mestres d\u2019Educaci\u00f3 F\u00edsica de les escoles de Barber\u00e0 i Badia del Vall\u00e8s. All\u00e0 han fet curses de 60, 110 i 800m, han fet relleus, frisbee, salts,&hellip;  <a href=\"https:\/\/agora.xtec.cat\/escolapablopicasso\/general\/jornades-atletiques-2019\/\" title=\"Read JORNADES ATL\u00c8TIQUES 2019\">Llegeix m\u00e9s\u00bb<\/a><\/p>\n","protected":false},"author":1,"featured_media":4646,"comment_status":"open","ping_status":"closed","sticky":false,"template":"","format":"standard","meta":{"_bbp_topic_count":0,"_bbp_reply_count":0,"_bbp_total_topic_count":0,"_bbp_total_reply_count":0,"_bbp_voice_count":0,"_bbp_anonymous_reply_count":0,"_bbp_topic_count_hidden":0,"_bbp_reply_count_hidden":0,"_bbp_forum_subforum_count":0,"footnotes":""},"categories":[15,27,1,4,5,30],"tags":[],"class_list":["post-4645","post","type-post","status-publish","format-standard","has-post-thumbnail","hentry","category-6e","category-ed-fisica","category-general","category-portada","category-primaria","category-sortides"],"post_mailing_queue_ids":[],"_links":{"self":[{"href":"https:\/\/agora.xtec.cat\/escolapablopicasso\/wp-json\/wp\/v2\/posts\/4645","targetHints":{"allow":["GET"]}}],"collection":[{"href":"https:\/\/agora.xtec.cat\/escolapablopicasso\/wp-json\/wp\/v2\/posts"}],"about":[{"href":"https:\/\/agora.xtec.cat\/escolapablopicasso\/wp-json\/wp\/v2\/types\/post"}],"author":[{"embeddable":true,"href":"https:\/\/agora.xtec.cat\/escolapablopicasso\/wp-json\/wp\/v2\/users\/1"}],"replies":[{"embeddable":true,"href":"https:\/\/agora.xtec.cat\/escolapablopicasso\/wp-json\/wp\/v2\/comments?post=4645"}],"version-history":[{"count":1,"href":"https:\/\/agora.xtec.cat\/escolapablopicasso\/wp-json\/wp\/v2\/posts\/4645\/revisions"}],"predecessor-version":[{"id":4647,"href":"https:\/\/agora.xtec.cat\/escolapablopicasso\/wp-json\/wp\/v2\/posts\/4645\/revisions\/4647"}],"wp:featuredmedia":[{"embeddable":true,"href":"https:\/\/agora.xtec.cat\/escolapablopicasso\/wp-json\/wp\/v2\/media\/4646"}],"wp:attachment":[{"href":"https:\/\/agora.xtec.cat\/escolapablopicasso\/wp-json\/wp\/v2\/media?parent=4645"}],"wp:term":[{"taxonomy":"category","embeddable":true,"href":"https:\/\/agora.xtec.cat\/escolapablopicasso\/wp-json\/wp\/v2\/categories?post=4645"},{"taxonomy":"post_tag","embeddable":true,"href":"https:\/\/agora.xtec.cat\/escolapablopicasso\/wp-json\/wp\/v2\/tags?post=4645"}],"curies":[{"name":"wp","href":"https:\/\/api.w.org\/{rel}","templated":true}]}}