{"id":4625,"date":"2019-03-01T11:32:22","date_gmt":"2019-03-01T10:32:22","guid":{"rendered":"http:\/\/agora.xtec.cat\/escolapablopicasso\/?p=4625"},"modified":"2019-07-02T17:59:46","modified_gmt":"2019-07-02T15:59:46","slug":"preinscripcio-i-matricula-curs-19-20","status":"publish","type":"post","link":"https:\/\/agora.xtec.cat\/escolapablopicasso\/general\/preinscripcio-i-matricula-curs-19-20\/","title":{"rendered":"PREINSCRIPCI\u00d3 I MATR\u00cdCULA CURS 19-20"},"content":{"rendered":"<div class=\"FW_sPregunta FW_sImpacte\">\n<h4><img loading=\"lazy\" decoding=\"async\" class=\"size-full wp-image-3822 aligncenter\" src=\"https:\/\/agora.xtec.cat\/escolapablopicasso\/wp-content\/uploads\/usu295\/2018\/02\/preinscripcio.jpg\" alt=\"\" width=\"494\" height=\"100\" srcset=\"https:\/\/agora.xtec.cat\/escolapablopicasso\/wp-content\/uploads\/usu295\/2018\/02\/preinscripcio.jpg 494w, https:\/\/agora.xtec.cat\/escolapablopicasso\/wp-content\/uploads\/usu295\/2018\/02\/preinscripcio-300x61.jpg 300w\" sizes=\"auto, (max-width: 494px) 100vw, 494px\" \/><\/h4>\n<p>Aqu\u00ed podreu trobar m\u00e9s informaci\u00f3 properament sobre\u00a0<a href=\"http:\/\/queestudiar.gencat.cat\/ca\/preinscripcio\/estudis\/obligatoris\/\">el proc\u00e9s de preinscripci\u00f3 del proper escolar 19-20.<\/a>\u00a0Sobre la documentaci\u00f3 i criteris de prioritat, podeu trobar <a href=\"http:\/\/queestudiar.gencat.cat\/ca\/preinscripcio\/estudis\/obligatoris\/documentacio\/\">informaci\u00f3 aqu\u00ed<\/a>.<\/p>\n<h4 id=\"FW_bloc_4d79907d-0439-11e9-85b2-005056924a59_1\" class=\"FW_ancora\">Preinscripci\u00f3<\/h4>\n<div class=\"FW_clear FW_hrBlanc\">\n<div class=\"FW_sPregunta FW_sImpacte\">\n<div class=\"FW_sArticleFoto\">\n<div class=\"FW_sEditPro\">\n<ul>\n<li>Oferta inicial de places escolars: 27 de mar\u00e7 de 2019<\/li>\n<li>Presentaci\u00f3 de sol\u00b7licituds:\u00a0<strong>del 29 de mar\u00e7 al 9 d&#8217;abril\u00a0de 2019<\/strong><\/li>\n<li>Presentaci\u00f3 de documentaci\u00f3: fins al 10 d&#8217;abril de 2019<\/li>\n<li>Llista de sol\u00b7licituds amb la puntuaci\u00f3 provisional: 26 d&#8217;abril de 2019<\/li>\n<li>Presentaci\u00f3 de reclamacions: del 29 d&#8217;abril al 3 de maig de 2019<\/li>\n<li>Llista de sol\u00b7licituds amb la puntuaci\u00f3 un cop resoltes les reclamacions: 8 de maig de 2019<\/li>\n<li>Sorteig del n\u00famero de desempat: 9 de maig de 2019, a les 11 h, als serveis centrals del\u00a0Departament d&#8217;Educaci\u00f3 (Via Augusta, 202, Barcelona)<\/li>\n<li>Llista ordenada definitiva: 14 de maig de 2019<\/li>\n<li>Ampliaci\u00f3 de petici\u00f3 de centres per a les sol\u00b7licituds que no han obtingut cap assignaci\u00f3 (assignaci\u00f3 d&#8217;ofici): del 30 de maig al 3 de juny de 2019<\/li>\n<li>Oferta final de places escolars: 11 de juny de 2019<\/li>\n<li>Llista d&#8217;alumnes admesos i\u00a0llista d&#8217;espera: 12 de juny\u00a0de 2019<\/li>\n<\/ul>\n<\/div>\n<\/div>\n<div class=\"FW_clear FW_hrBlanc\"><span style=\"font-size: 1.125em; font-weight: bold;\">Matr\u00edcula<\/span><\/div>\n<\/div>\n<div class=\"FW_sPregunta FW_sImpacte\">\n<div class=\"FW_sArticleFoto\">\n<div class=\"FW_sEditPro\">\n<ul>\n<li>Alumnes preinscrits amb pla\u00e7a assignada a segon cicle d&#8217;educaci\u00f3 infantil, educaci\u00f3 prim\u00e0ria i primer curs d&#8217;ESO:\u00a0<strong>del\u00a020 al 26 de juny de 2019<\/strong><\/li>\n<li>Alumnes preinscrits amb pla\u00e7a assignada a 2n, 3r i 4t d&#8217;ESO: del 27 de juny al 3 de juliol de 2019<\/li>\n<\/ul>\n<p>La llista d&#8217;alumnes matriculats al centre procedents del\u00a0proc\u00e9s de preinscripci\u00f3 i admissi\u00f3 es publica l&#8217;1 d&#8217;octubre de 2019.<\/p>\n<\/div>\n<\/div>\n<\/div>\n<\/div>\n<\/div>\n","protected":false},"excerpt":{"rendered":"<p>Aqu\u00ed podreu trobar m\u00e9s informaci\u00f3 properament sobre\u00a0<a href=\"http:\/\/queestudiar.gencat.cat\/ca\/preinscripcio\/estudis\/obligatoris\/\">el proc\u00e9s de preinscripci\u00f3 del proper escolar 19-20.<\/a>\u00a0Sobre la documentaci\u00f3 i criteris de prioritat, podeu trobar <a href=\"http:\/\/queestudiar.gencat.cat\/ca\/preinscripcio\/estudis\/obligatoris\/documentacio\/\">informaci\u00f3 aqu\u00ed<\/a>.<br \/>\nPreinscripci\u00f3<\/p>\n<ul>\n<li>Oferta inicial de places escolars: 27 de mar\u00e7 de 2019<\/li>\n<li>Presentaci\u00f3 de sol\u00b7licituds:\u00a0del 29 de mar\u00e7 al 9 d&#8217;abril\u00a0de 2019<\/li>\n<li>Presentaci\u00f3 de&hellip;  <a href=\"https:\/\/agora.xtec.cat\/escolapablopicasso\/general\/preinscripcio-i-matricula-curs-19-20\/\" title=\"Read PREINSCRIPCI\u00d3 I MATR\u00cdCULA CURS 19-20\">Llegeix m\u00e9s\u00bb<\/a><br \/>\n","protected":false},"author":1,"featured_media":0,"comment_status":"open","ping_status":"closed","sticky":false,"template":"","format":"standard","meta":{"_bbp_topic_count":0,"_bbp_reply_count":0,"_bbp_total_topic_count":0,"_bbp_total_reply_count":0,"_bbp_voice_count":0,"_bbp_anonymous_reply_count":0,"_bbp_topic_count_hidden":0,"_bbp_reply_count_hidden":0,"_bbp_forum_subforum_count":0,"footnotes":""},"categories":[1,2,4],"tags":[],"class_list":["post-4625","post","type-post","status-publish","format-standard","hentry","category-general","category-infantil","category-portada"],"post_mailing_queue_ids":[],"_links":{"self":[{"href":"https:\/\/agora.xtec.cat\/escolapablopicasso\/wp-json\/wp\/v2\/posts\/4625","targetHints":{"allow":["GET"]}}],"collection":[{"href":"https:\/\/agora.xtec.cat\/escolapablopicasso\/wp-json\/wp\/v2\/posts"}],"about":[{"href":"https:\/\/agora.xtec.cat\/escolapablopicasso\/wp-json\/wp\/v2\/types\/post"}],"author":[{"embeddable":true,"href":"https:\/\/agora.xtec.cat\/escolapablopicasso\/wp-json\/wp\/v2\/users\/1"}],"replies":[{"embeddable":true,"href":"https:\/\/agora.xtec.cat\/escolapablopicasso\/wp-json\/wp\/v2\/comments?post=4625"}],"version-history":[{"count":3,"href":"https:\/\/agora.xtec.cat\/escolapablopicasso\/wp-json\/wp\/v2\/posts\/4625\/revisions"}],"predecessor-version":[{"id":4629,"href":"https:\/\/agora.xtec.cat\/escolapablopicasso\/wp-json\/wp\/v2\/posts\/4625\/revisions\/4629"}],"wp:attachment":[{"href":"https:\/\/agora.xtec.cat\/escolapablopicasso\/wp-json\/wp\/v2\/media?parent=4625"}],"wp:term":[{"taxonomy":"category","embeddable":true,"href":"https:\/\/agora.xtec.cat\/escolapablopicasso\/wp-json\/wp\/v2\/categories?post=4625"},{"taxonomy":"post_tag","embeddable":true,"href":"https:\/\/agora.xtec.cat\/escolapablopicasso\/wp-json\/wp\/v2\/tags?post=4625"}],"curies":[{"name":"wp","href":"https:\/\/api.w.org\/{rel}","templated":true}]}}