{"id":4617,"date":"2019-02-27T20:31:10","date_gmt":"2019-02-27T19:31:10","guid":{"rendered":"http:\/\/agora.xtec.cat\/escolapablopicasso\/?p=4617"},"modified":"2019-02-28T13:11:50","modified_gmt":"2019-02-28T12:11:50","slug":"p5-audicio-pica-so-auditori-de-bcn","status":"publish","type":"post","link":"https:\/\/agora.xtec.cat\/escolapablopicasso\/general\/p5-audicio-pica-so-auditori-de-bcn\/","title":{"rendered":"P5:  AUDICI\u00d3 PICA-SO ( Auditori de BCN)"},"content":{"rendered":"<p>Avui hem fet la sortida per anar a l&#8217;Audici\u00f3 PICA-SO\u00a0 a l&#8217;Auditori de Barcelona.\u00a0 Hem gaudit de 17 peces de m\u00fasica acompanyades d&#8217;una est\u00e8tica picassiana. Manuel de Falla, Alb\u00e9niz, Stravinski, Enrique Granados, Paco de Luc\u00eda&#8230;etc., han estat alguns dels compositors interpretats pels m\u00fasics acompanyats amb\u00a0 piano, acordi\u00f3, viol\u00ed, clarinet i guitarra, i una ballarina que ens ha captivat.<\/p>\n<p>Despr\u00e9s, al Parc de la Ciutadella\u00a0 i un cop hem dinat, una bona estona de jocs a la gespa.\u00a0 Podeu veure alguns dels moments en el seg\u00fcent enlla\u00e7:<\/p>\n<p><a href=\"http:\/\/www.kizoa.es\/Editar-V\u00eddeos-Movie-Maker\/d252426574k9641195o2l1\/sin-ttulo-\">http:\/\/www.kizoa.es\/Editar-V\u00eddeos-Movie-Maker\/d252426574k9641195o2l1\/sin-ttulo-<\/a><\/p>\n<p>&nbsp;<\/p>\n","protected":false},"excerpt":{"rendered":"<p>Avui hem fet la sortida per anar a l&#8217;Audici\u00f3 PICA-SO\u00a0 a l&#8217;Auditori de Barcelona.\u00a0 Hem gaudit de 17 peces de m\u00fasica acompanyades d&#8217;una est\u00e8tica picassiana. Manuel de Falla, Alb\u00e9niz, Stravinski, Enrique Granados, Paco de Luc\u00eda&#8230;etc., han estat alguns dels compositors interpretats pels m\u00fasics acompanyats amb\u00a0&hellip;  <a href=\"https:\/\/agora.xtec.cat\/escolapablopicasso\/general\/p5-audicio-pica-so-auditori-de-bcn\/\" title=\"Read P5:  AUDICI\u00d3 PICA-SO ( Auditori de BCN)\">Llegeix m\u00e9s\u00bb<\/a><\/p>\n","protected":false},"author":4,"featured_media":0,"comment_status":"open","ping_status":"closed","sticky":false,"template":"","format":"standard","meta":{"_bbp_topic_count":0,"_bbp_reply_count":0,"_bbp_total_topic_count":0,"_bbp_total_reply_count":0,"_bbp_voice_count":0,"_bbp_anonymous_reply_count":0,"_bbp_topic_count_hidden":0,"_bbp_reply_count_hidden":0,"_bbp_forum_subforum_count":0,"footnotes":""},"categories":[1,9,2,24,4],"tags":[],"class_list":["post-4617","post","type-post","status-publish","format-standard","hentry","category-general","category-i5","category-infantil","category-musica","category-portada"],"post_mailing_queue_ids":[],"_links":{"self":[{"href":"https:\/\/agora.xtec.cat\/escolapablopicasso\/wp-json\/wp\/v2\/posts\/4617","targetHints":{"allow":["GET"]}}],"collection":[{"href":"https:\/\/agora.xtec.cat\/escolapablopicasso\/wp-json\/wp\/v2\/posts"}],"about":[{"href":"https:\/\/agora.xtec.cat\/escolapablopicasso\/wp-json\/wp\/v2\/types\/post"}],"author":[{"embeddable":true,"href":"https:\/\/agora.xtec.cat\/escolapablopicasso\/wp-json\/wp\/v2\/users\/4"}],"replies":[{"embeddable":true,"href":"https:\/\/agora.xtec.cat\/escolapablopicasso\/wp-json\/wp\/v2\/comments?post=4617"}],"version-history":[{"count":1,"href":"https:\/\/agora.xtec.cat\/escolapablopicasso\/wp-json\/wp\/v2\/posts\/4617\/revisions"}],"predecessor-version":[{"id":4618,"href":"https:\/\/agora.xtec.cat\/escolapablopicasso\/wp-json\/wp\/v2\/posts\/4617\/revisions\/4618"}],"wp:attachment":[{"href":"https:\/\/agora.xtec.cat\/escolapablopicasso\/wp-json\/wp\/v2\/media?parent=4617"}],"wp:term":[{"taxonomy":"category","embeddable":true,"href":"https:\/\/agora.xtec.cat\/escolapablopicasso\/wp-json\/wp\/v2\/categories?post=4617"},{"taxonomy":"post_tag","embeddable":true,"href":"https:\/\/agora.xtec.cat\/escolapablopicasso\/wp-json\/wp\/v2\/tags?post=4617"}],"curies":[{"name":"wp","href":"https:\/\/api.w.org\/{rel}","templated":true}]}}