{"id":4585,"date":"2019-02-06T17:16:05","date_gmt":"2019-02-06T16:16:05","guid":{"rendered":"http:\/\/agora.xtec.cat\/escolapablopicasso\/?p=4585"},"modified":"2019-05-10T15:59:54","modified_gmt":"2019-05-10T13:59:54","slug":"visita-al-mercat-2n","status":"publish","type":"post","link":"https:\/\/agora.xtec.cat\/escolapablopicasso\/general\/visita-al-mercat-2n\/","title":{"rendered":"Visita al Mercat- 2n"},"content":{"rendered":"<p>Els alumnes de 2n hem anat al Mercat 11 de Setembre de Barber\u00e0 del Vall\u00e8s. All\u00e0 hem visitat les parades del mercat i hem conegut racons que nom\u00e9s la gent autoritzada pot visitar. Despr\u00e9s, amb el nostre cistell hem anat a comprar el menjar que ten\u00edem a la llista de la compra. Al dia seg\u00fcent a l\u2019escola hem pogut preparar un gran esmorzar.<\/p>\n<p><iframe loading=\"lazy\" src=\"\/\/www.youtube.com\/embed\/etRXtSrnWMU\" width=\"560\" height=\"314\" allowfullscreen=\"allowfullscreen\"><\/iframe><\/p>\n<p><iframe loading=\"lazy\" src=\"\/\/www.youtube.com\/embed\/t_5Nv1mrCEw\" width=\"560\" height=\"314\" allowfullscreen=\"allowfullscreen\"><\/iframe><\/p>\n<p><iframe loading=\"lazy\" src=\"\/\/www.youtube.com\/embed\/h-CqzGdQmEk\" width=\"560\" height=\"314\" allowfullscreen=\"allowfullscreen\"><\/iframe><\/p>\n<p>M\u00e9s fotos <a href=\"https:\/\/photos.app.goo.gl\/kdNN2EwSqiUtL3j76\">aqu\u00ed<\/a><\/p>\n<p>&nbsp;<\/p>\n","protected":false},"excerpt":{"rendered":"<p>Els alumnes de 2n hem anat al Mercat 11 de Setembre de Barber\u00e0 del Vall\u00e8s. All\u00e0 hem visitat les parades del mercat i hem conegut racons que nom\u00e9s la gent autoritzada pot visitar. Despr\u00e9s, amb el nostre cistell hem anat a comprar el menjar que&hellip;  <a href=\"https:\/\/agora.xtec.cat\/escolapablopicasso\/general\/visita-al-mercat-2n\/\" title=\"Read Visita al Mercat- 2n\">Llegeix m\u00e9s\u00bb<\/a><\/p>\n","protected":false},"author":5,"featured_media":4587,"comment_status":"open","ping_status":"closed","sticky":false,"template":"","format":"standard","meta":{"_bbp_topic_count":0,"_bbp_reply_count":0,"_bbp_total_topic_count":0,"_bbp_total_reply_count":0,"_bbp_voice_count":0,"_bbp_anonymous_reply_count":0,"_bbp_topic_count_hidden":0,"_bbp_reply_count_hidden":0,"_bbp_forum_subforum_count":0,"footnotes":""},"categories":[11,1,4,30],"tags":[],"class_list":["post-4585","post","type-post","status-publish","format-standard","has-post-thumbnail","hentry","category-2n","category-general","category-portada","category-sortides"],"post_mailing_queue_ids":[],"_links":{"self":[{"href":"https:\/\/agora.xtec.cat\/escolapablopicasso\/wp-json\/wp\/v2\/posts\/4585","targetHints":{"allow":["GET"]}}],"collection":[{"href":"https:\/\/agora.xtec.cat\/escolapablopicasso\/wp-json\/wp\/v2\/posts"}],"about":[{"href":"https:\/\/agora.xtec.cat\/escolapablopicasso\/wp-json\/wp\/v2\/types\/post"}],"author":[{"embeddable":true,"href":"https:\/\/agora.xtec.cat\/escolapablopicasso\/wp-json\/wp\/v2\/users\/5"}],"replies":[{"embeddable":true,"href":"https:\/\/agora.xtec.cat\/escolapablopicasso\/wp-json\/wp\/v2\/comments?post=4585"}],"version-history":[{"count":4,"href":"https:\/\/agora.xtec.cat\/escolapablopicasso\/wp-json\/wp\/v2\/posts\/4585\/revisions"}],"predecessor-version":[{"id":4721,"href":"https:\/\/agora.xtec.cat\/escolapablopicasso\/wp-json\/wp\/v2\/posts\/4585\/revisions\/4721"}],"wp:featuredmedia":[{"embeddable":true,"href":"https:\/\/agora.xtec.cat\/escolapablopicasso\/wp-json\/wp\/v2\/media\/4587"}],"wp:attachment":[{"href":"https:\/\/agora.xtec.cat\/escolapablopicasso\/wp-json\/wp\/v2\/media?parent=4585"}],"wp:term":[{"taxonomy":"category","embeddable":true,"href":"https:\/\/agora.xtec.cat\/escolapablopicasso\/wp-json\/wp\/v2\/categories?post=4585"},{"taxonomy":"post_tag","embeddable":true,"href":"https:\/\/agora.xtec.cat\/escolapablopicasso\/wp-json\/wp\/v2\/tags?post=4585"}],"curies":[{"name":"wp","href":"https:\/\/api.w.org\/{rel}","templated":true}]}}