{"id":4544,"date":"2018-10-31T10:07:48","date_gmt":"2018-10-31T09:07:48","guid":{"rendered":"http:\/\/agora.xtec.cat\/escolapablopicasso\/?p=4544"},"modified":"2019-02-13T10:21:04","modified_gmt":"2019-02-13T09:21:04","slug":"trobada-padrins-i-fillols-es-castanyada","status":"publish","type":"post","link":"https:\/\/agora.xtec.cat\/escolapablopicasso\/general\/trobada-padrins-i-fillols-es-castanyada\/","title":{"rendered":"Trobada padrins i fillols\/es &#8211; Castanyada"},"content":{"rendered":"<p>Una de les trobades que es fan entre padrins i fillols\/es \u00e9s la de la Castanyada i en aquesta ocasi\u00f3, van realitzar junts un bosc de la tardor que despr\u00e9s va decorar el nostre passad\u00eds de l&#8217;escola. Aqu\u00ed el teniu.<\/p>\n<p><iframe loading=\"lazy\" title=\"Trobada castanyada padrins i fillols\" width=\"500\" height=\"281\" src=\"https:\/\/www.youtube.com\/embed\/gJV4unCWA6s?feature=oembed\" frameborder=\"0\" allow=\"accelerometer; autoplay; clipboard-write; encrypted-media; gyroscope; picture-in-picture; web-share\" referrerpolicy=\"strict-origin-when-cross-origin\" allowfullscreen><\/iframe><\/p>\n","protected":false},"excerpt":{"rendered":"<p>Una de les trobades que es fan entre padrins i fillols\/es \u00e9s la de la Castanyada i en aquesta ocasi\u00f3, van realitzar junts un bosc de la tardor que despr\u00e9s va decorar el nostre passad\u00eds de l&#8217;escola. Aqu\u00ed el teniu.<\/p>\n","protected":false},"author":1,"featured_media":4545,"comment_status":"open","ping_status":"closed","sticky":false,"template":"","format":"standard","meta":{"_bbp_topic_count":0,"_bbp_reply_count":0,"_bbp_total_topic_count":0,"_bbp_total_reply_count":0,"_bbp_voice_count":0,"_bbp_anonymous_reply_count":0,"_bbp_topic_count_hidden":0,"_bbp_reply_count_hidden":0,"_bbp_forum_subforum_count":0,"footnotes":""},"categories":[15,23,1,3,2,4,5],"tags":[],"class_list":["post-4544","post","type-post","status-publish","format-standard","has-post-thumbnail","hentry","category-6e","category-nadal","category-general","category-i3","category-infantil","category-portada","category-primaria"],"post_mailing_queue_ids":[],"_links":{"self":[{"href":"https:\/\/agora.xtec.cat\/escolapablopicasso\/wp-json\/wp\/v2\/posts\/4544","targetHints":{"allow":["GET"]}}],"collection":[{"href":"https:\/\/agora.xtec.cat\/escolapablopicasso\/wp-json\/wp\/v2\/posts"}],"about":[{"href":"https:\/\/agora.xtec.cat\/escolapablopicasso\/wp-json\/wp\/v2\/types\/post"}],"author":[{"embeddable":true,"href":"https:\/\/agora.xtec.cat\/escolapablopicasso\/wp-json\/wp\/v2\/users\/1"}],"replies":[{"embeddable":true,"href":"https:\/\/agora.xtec.cat\/escolapablopicasso\/wp-json\/wp\/v2\/comments?post=4544"}],"version-history":[{"count":1,"href":"https:\/\/agora.xtec.cat\/escolapablopicasso\/wp-json\/wp\/v2\/posts\/4544\/revisions"}],"predecessor-version":[{"id":4546,"href":"https:\/\/agora.xtec.cat\/escolapablopicasso\/wp-json\/wp\/v2\/posts\/4544\/revisions\/4546"}],"wp:featuredmedia":[{"embeddable":true,"href":"https:\/\/agora.xtec.cat\/escolapablopicasso\/wp-json\/wp\/v2\/media\/4545"}],"wp:attachment":[{"href":"https:\/\/agora.xtec.cat\/escolapablopicasso\/wp-json\/wp\/v2\/media?parent=4544"}],"wp:term":[{"taxonomy":"category","embeddable":true,"href":"https:\/\/agora.xtec.cat\/escolapablopicasso\/wp-json\/wp\/v2\/categories?post=4544"},{"taxonomy":"post_tag","embeddable":true,"href":"https:\/\/agora.xtec.cat\/escolapablopicasso\/wp-json\/wp\/v2\/tags?post=4544"}],"curies":[{"name":"wp","href":"https:\/\/api.w.org\/{rel}","templated":true}]}}