{"id":4533,"date":"2018-11-21T09:14:30","date_gmt":"2018-11-21T08:14:30","guid":{"rendered":"http:\/\/agora.xtec.cat\/escolapablopicasso\/?p=4533"},"modified":"2019-02-13T09:54:20","modified_gmt":"2019-02-13T08:54:20","slug":"exposicio-art-i-diversitat-funcional-al-tmc-5e","status":"publish","type":"post","link":"https:\/\/agora.xtec.cat\/escolapablopicasso\/general\/exposicio-art-i-diversitat-funcional-al-tmc-5e\/","title":{"rendered":"Exposici\u00f3 art i diversitat funcional al TMC &#8211; 5\u00e8"},"content":{"rendered":"<p>L&#8217;alumnat de 5\u00e8 va anar al TMC a veure una exposici\u00f3 d&#8217;art, on els seus autors i autores s\u00f3n persones amb diversitat funcional. All\u00e0 vam poder con\u00e8ixer algunes de les seves obres i vam quedar impressionats de les obres d&#8217;art i de la dificultat que podria ser fer-les amb alguna discapacitat funcional. \u00c9s per aix\u00f2 que van poder realitzar un taller, on pintaven amb el cap i es van adonar que no \u00e9s gens f\u00e0cil i que necessita de molta pr\u00e0ctica i voluntat per arribar a pintar quadres com hav\u00edem vist a la sala. Tamb\u00e9 van poder parlar amb un membre de l&#8217;associaci\u00f3 que \u00e9s esportista i pertany al CAR i que tamb\u00e9 pateix una discapacitat motora. Va ser una conversa d&#8217;all\u00f2 m\u00e9s interessant!<\/p>\n<p>https:\/\/youtu.be\/SJ2Gl3NSoZA<\/p>\n","protected":false},"excerpt":{"rendered":"<p>L&#8217;alumnat de 5\u00e8 va anar al TMC a veure una exposici\u00f3 d&#8217;art, on els seus autors i autores s\u00f3n persones amb diversitat funcional. All\u00e0 vam poder con\u00e8ixer algunes de les seves obres i vam quedar impressionats de les obres d&#8217;art i de la dificultat que&hellip;  <a href=\"https:\/\/agora.xtec.cat\/escolapablopicasso\/general\/exposicio-art-i-diversitat-funcional-al-tmc-5e\/\" title=\"Read Exposici\u00f3 art i diversitat funcional al TMC &#8211; 5\u00e8\">Llegeix m\u00e9s\u00bb<\/a><\/p>\n","protected":false},"author":1,"featured_media":0,"comment_status":"open","ping_status":"closed","sticky":false,"template":"","format":"standard","meta":{"_bbp_topic_count":0,"_bbp_reply_count":0,"_bbp_total_topic_count":0,"_bbp_total_reply_count":0,"_bbp_voice_count":0,"_bbp_anonymous_reply_count":0,"_bbp_topic_count_hidden":0,"_bbp_reply_count_hidden":0,"_bbp_forum_subforum_count":0,"footnotes":""},"categories":[14,1,4,5,30],"tags":[],"class_list":["post-4533","post","type-post","status-publish","format-standard","hentry","category-5e","category-general","category-portada","category-primaria","category-sortides"],"post_mailing_queue_ids":[],"_links":{"self":[{"href":"https:\/\/agora.xtec.cat\/escolapablopicasso\/wp-json\/wp\/v2\/posts\/4533","targetHints":{"allow":["GET"]}}],"collection":[{"href":"https:\/\/agora.xtec.cat\/escolapablopicasso\/wp-json\/wp\/v2\/posts"}],"about":[{"href":"https:\/\/agora.xtec.cat\/escolapablopicasso\/wp-json\/wp\/v2\/types\/post"}],"author":[{"embeddable":true,"href":"https:\/\/agora.xtec.cat\/escolapablopicasso\/wp-json\/wp\/v2\/users\/1"}],"replies":[{"embeddable":true,"href":"https:\/\/agora.xtec.cat\/escolapablopicasso\/wp-json\/wp\/v2\/comments?post=4533"}],"version-history":[{"count":1,"href":"https:\/\/agora.xtec.cat\/escolapablopicasso\/wp-json\/wp\/v2\/posts\/4533\/revisions"}],"predecessor-version":[{"id":4539,"href":"https:\/\/agora.xtec.cat\/escolapablopicasso\/wp-json\/wp\/v2\/posts\/4533\/revisions\/4539"}],"wp:attachment":[{"href":"https:\/\/agora.xtec.cat\/escolapablopicasso\/wp-json\/wp\/v2\/media?parent=4533"}],"wp:term":[{"taxonomy":"category","embeddable":true,"href":"https:\/\/agora.xtec.cat\/escolapablopicasso\/wp-json\/wp\/v2\/categories?post=4533"},{"taxonomy":"post_tag","embeddable":true,"href":"https:\/\/agora.xtec.cat\/escolapablopicasso\/wp-json\/wp\/v2\/tags?post=4533"}],"curies":[{"name":"wp","href":"https:\/\/api.w.org\/{rel}","templated":true}]}}