{"id":4512,"date":"2019-02-07T20:56:01","date_gmt":"2019-02-07T19:56:01","guid":{"rendered":"http:\/\/agora.xtec.cat\/escolapablopicasso\/?p=4512"},"modified":"2019-02-12T09:16:35","modified_gmt":"2019-02-12T08:16:35","slug":"p5-experimentem-amb-imans","status":"publish","type":"post","link":"https:\/\/agora.xtec.cat\/escolapablopicasso\/general\/p5-experimentem-amb-imans\/","title":{"rendered":"P5  EXPERIMENTEM AMB IMANS"},"content":{"rendered":"<p>Els nens i nenes de la classe dels Unicorns hem gaudit molt experimentant amb els imans. Hem fet hip\u00f2tesis, les hem comprovat, ens hem sorpr\u00e9s , hem compartit les descobertes que an\u00e0vem fent, etc. etc.\u00a0 Aqu\u00ed una mostra de les sessions. Com ens ha agradat tant, ho repetirem\u00a0 !!!<\/p>\n<p><a href=\"http:\/\/www.kizoa.es\/Editar-V\u00eddeos-Movie-Maker\/d248189536k2327213o2l1\/sin-ttulo-\">http:\/\/www.kizoa.es\/Editar-V\u00eddeos-Movie-Maker\/d248189536k2327213o2l1\/sin-ttulo-<\/a><\/p>\n","protected":false},"excerpt":{"rendered":"<p>Els nens i nenes de la classe dels Unicorns hem gaudit molt experimentant amb els imans. Hem fet hip\u00f2tesis, les hem comprovat, ens hem sorpr\u00e9s , hem compartit les descobertes que an\u00e0vem fent, etc. etc.\u00a0 Aqu\u00ed una mostra de les sessions. Com ens ha agradat&hellip;  <a href=\"https:\/\/agora.xtec.cat\/escolapablopicasso\/general\/p5-experimentem-amb-imans\/\" title=\"Read P5  EXPERIMENTEM AMB IMANS\">Llegeix m\u00e9s\u00bb<\/a><\/p>\n","protected":false},"author":4,"featured_media":0,"comment_status":"open","ping_status":"closed","sticky":false,"template":"","format":"standard","meta":{"_bbp_topic_count":0,"_bbp_reply_count":0,"_bbp_total_topic_count":0,"_bbp_total_reply_count":0,"_bbp_voice_count":0,"_bbp_anonymous_reply_count":0,"_bbp_topic_count_hidden":0,"_bbp_reply_count_hidden":0,"_bbp_forum_subforum_count":0,"footnotes":""},"categories":[1,9,2,4],"tags":[],"class_list":["post-4512","post","type-post","status-publish","format-standard","hentry","category-general","category-i5","category-infantil","category-portada"],"post_mailing_queue_ids":[],"_links":{"self":[{"href":"https:\/\/agora.xtec.cat\/escolapablopicasso\/wp-json\/wp\/v2\/posts\/4512","targetHints":{"allow":["GET"]}}],"collection":[{"href":"https:\/\/agora.xtec.cat\/escolapablopicasso\/wp-json\/wp\/v2\/posts"}],"about":[{"href":"https:\/\/agora.xtec.cat\/escolapablopicasso\/wp-json\/wp\/v2\/types\/post"}],"author":[{"embeddable":true,"href":"https:\/\/agora.xtec.cat\/escolapablopicasso\/wp-json\/wp\/v2\/users\/4"}],"replies":[{"embeddable":true,"href":"https:\/\/agora.xtec.cat\/escolapablopicasso\/wp-json\/wp\/v2\/comments?post=4512"}],"version-history":[{"count":3,"href":"https:\/\/agora.xtec.cat\/escolapablopicasso\/wp-json\/wp\/v2\/posts\/4512\/revisions"}],"predecessor-version":[{"id":4522,"href":"https:\/\/agora.xtec.cat\/escolapablopicasso\/wp-json\/wp\/v2\/posts\/4512\/revisions\/4522"}],"wp:attachment":[{"href":"https:\/\/agora.xtec.cat\/escolapablopicasso\/wp-json\/wp\/v2\/media?parent=4512"}],"wp:term":[{"taxonomy":"category","embeddable":true,"href":"https:\/\/agora.xtec.cat\/escolapablopicasso\/wp-json\/wp\/v2\/categories?post=4512"},{"taxonomy":"post_tag","embeddable":true,"href":"https:\/\/agora.xtec.cat\/escolapablopicasso\/wp-json\/wp\/v2\/tags?post=4512"}],"curies":[{"name":"wp","href":"https:\/\/api.w.org\/{rel}","templated":true}]}}