{"id":4506,"date":"2019-01-19T10:21:27","date_gmt":"2019-01-19T09:21:27","guid":{"rendered":"http:\/\/agora.xtec.cat\/escolapablopicasso\/?p=4506"},"modified":"2019-02-06T10:48:46","modified_gmt":"2019-02-06T09:48:46","slug":"dracula-theatre-6e","status":"publish","type":"post","link":"https:\/\/agora.xtec.cat\/escolapablopicasso\/general\/dracula-theatre-6e\/","title":{"rendered":"Dracula theatre! 6\u00e8"},"content":{"rendered":"<p>El passat 17 de gener vam anar a veure l&#8217;obra de teatre Dracula, interpretada per 4 actors i actrius nadius totalment en angl\u00e8s. Pr\u00e8viament a la classe hav\u00edem parlat de la hist\u00f2ria de Dr\u00e0cula, el llibre i la seva adaptaci\u00f3 teatral. Despr\u00e9s vam estar jugant a diferents jocs per tal d&#8217;enrecordar-nos de les paraules claus i aix\u00ed entendre millor l&#8217;obra.<\/p>\n<p><iframe loading=\"lazy\" title=\"Dracula 17 01 19 6\u00e8A\" width=\"500\" height=\"281\" src=\"https:\/\/www.youtube.com\/embed\/C0c8tPV6Ui8?feature=oembed\" frameborder=\"0\" allow=\"accelerometer; autoplay; clipboard-write; encrypted-media; gyroscope; picture-in-picture; web-share\" referrerpolicy=\"strict-origin-when-cross-origin\" allowfullscreen><\/iframe><\/p>\n<p><iframe loading=\"lazy\" title=\"Dracula 6\u00e8 17 01 19 6\u00e8B\" width=\"500\" height=\"281\" src=\"https:\/\/www.youtube.com\/embed\/fzDd1IBt0-0?feature=oembed\" frameborder=\"0\" allow=\"accelerometer; autoplay; clipboard-write; encrypted-media; gyroscope; picture-in-picture; web-share\" referrerpolicy=\"strict-origin-when-cross-origin\" allowfullscreen><\/iframe><\/p>\n<p>I el dia del teatre:<\/p>\n<p><iframe loading=\"lazy\" title=\"Dracula theatre 6\u00e8 2019\" width=\"500\" height=\"281\" src=\"https:\/\/www.youtube.com\/embed\/d1Zc6fSZQ4c?feature=oembed\" frameborder=\"0\" allow=\"accelerometer; autoplay; clipboard-write; encrypted-media; gyroscope; picture-in-picture; web-share\" referrerpolicy=\"strict-origin-when-cross-origin\" allowfullscreen><\/iframe><\/p>\n","protected":false},"excerpt":{"rendered":"<p>El passat 17 de gener vam anar a veure l&#8217;obra de teatre Dracula, interpretada per 4 actors i actrius nadius totalment en angl\u00e8s. Pr\u00e8viament a la classe hav\u00edem parlat de la hist\u00f2ria de Dr\u00e0cula, el llibre i la seva adaptaci\u00f3 teatral. Despr\u00e9s vam estar jugant&hellip;  <a href=\"https:\/\/agora.xtec.cat\/escolapablopicasso\/general\/dracula-theatre-6e\/\" title=\"Read Dracula theatre! 6\u00e8\">Llegeix m\u00e9s\u00bb<\/a><\/p>\n","protected":false},"author":1,"featured_media":0,"comment_status":"open","ping_status":"closed","sticky":false,"template":"","format":"standard","meta":{"_bbp_topic_count":0,"_bbp_reply_count":0,"_bbp_total_topic_count":0,"_bbp_total_reply_count":0,"_bbp_voice_count":0,"_bbp_anonymous_reply_count":0,"_bbp_topic_count_hidden":0,"_bbp_reply_count_hidden":0,"_bbp_forum_subforum_count":0,"footnotes":""},"categories":[15,22,1,4,5,30],"tags":[],"class_list":["post-4506","post","type-post","status-publish","format-standard","hentry","category-6e","category-angles","category-general","category-portada","category-primaria","category-sortides"],"post_mailing_queue_ids":[],"_links":{"self":[{"href":"https:\/\/agora.xtec.cat\/escolapablopicasso\/wp-json\/wp\/v2\/posts\/4506","targetHints":{"allow":["GET"]}}],"collection":[{"href":"https:\/\/agora.xtec.cat\/escolapablopicasso\/wp-json\/wp\/v2\/posts"}],"about":[{"href":"https:\/\/agora.xtec.cat\/escolapablopicasso\/wp-json\/wp\/v2\/types\/post"}],"author":[{"embeddable":true,"href":"https:\/\/agora.xtec.cat\/escolapablopicasso\/wp-json\/wp\/v2\/users\/1"}],"replies":[{"embeddable":true,"href":"https:\/\/agora.xtec.cat\/escolapablopicasso\/wp-json\/wp\/v2\/comments?post=4506"}],"version-history":[{"count":1,"href":"https:\/\/agora.xtec.cat\/escolapablopicasso\/wp-json\/wp\/v2\/posts\/4506\/revisions"}],"predecessor-version":[{"id":4507,"href":"https:\/\/agora.xtec.cat\/escolapablopicasso\/wp-json\/wp\/v2\/posts\/4506\/revisions\/4507"}],"wp:attachment":[{"href":"https:\/\/agora.xtec.cat\/escolapablopicasso\/wp-json\/wp\/v2\/media?parent=4506"}],"wp:term":[{"taxonomy":"category","embeddable":true,"href":"https:\/\/agora.xtec.cat\/escolapablopicasso\/wp-json\/wp\/v2\/categories?post=4506"},{"taxonomy":"post_tag","embeddable":true,"href":"https:\/\/agora.xtec.cat\/escolapablopicasso\/wp-json\/wp\/v2\/tags?post=4506"}],"curies":[{"name":"wp","href":"https:\/\/api.w.org\/{rel}","templated":true}]}}