{"id":4465,"date":"2018-12-13T12:45:45","date_gmt":"2018-12-13T11:45:45","guid":{"rendered":"http:\/\/agora.xtec.cat\/escolapablopicasso\/?p=4465"},"modified":"2018-12-21T12:50:17","modified_gmt":"2018-12-21T11:50:17","slug":"triptic-concert-tmc-2018","status":"publish","type":"post","link":"https:\/\/agora.xtec.cat\/escolapablopicasso\/general\/triptic-concert-tmc-2018\/","title":{"rendered":"Tr\u00edptic concert TMC 2018"},"content":{"rendered":"<p>Aqu\u00ed podeu veure el tr\u00edptic amb totes les can\u00e7ons que es cantaran al TMC el dimarts, 18 de desembre.<\/p>\n<p style=\"margin: 12px auto 6px auto; font-family: Helvetica,Arial,Sans-serif; font-style: normal; font-variant: normal; font-weight: normal; font-size: 14px; line-height: normal; font-size-adjust: none; font-stretch: normal; -x-system-font: none; display: block;\"><a style=\"text-decoration: underline;\" title=\"View Tr\u00edptic Concert TMC 2018 on Scribd\" href=\"https:\/\/www.scribd.com\/document\/396141416\/Triptic-Concert-TMC-2018#from_embed\">Tr\u00edptic Concert TMC 2018<\/a> by <a style=\"text-decoration: underline;\" title=\"View escolapablopicasso's profile on Scribd\" href=\"https:\/\/www.scribd.com\/user\/317182417\/escolapablopicasso#from_embed\">escolapablopicasso<\/a> on Scribd<\/p>\n<p><iframe loading=\"lazy\" id=\"doc_75584\" class=\"scribd_iframe_embed\" title=\"Tr\u00edptic Concert TMC 2018\" src=\"undefinedembeds\/396141416\/content?start_page=1&amp;view_mode=scroll&amp;access_key=key-zLtos1hFb9x81Nli2Q3y&amp;show_recommendations=true\" width=\"600\" height=\"800\" frameborder=\"0\" scrolling=\"no\" data-auto-height=\"false\" data-aspect-ratio=\"1.2959770114942528\"><\/iframe><\/p>\n","protected":false},"excerpt":{"rendered":"<p>Aqu\u00ed podeu veure el tr\u00edptic amb totes les can\u00e7ons que es cantaran al TMC el dimarts, 18 de desembre.<br \/>\n<a style=\"text-decoration: underline;\" title=\"View Tr\u00edptic Concert TMC 2018 on Scribd\" href=\"https:\/\/www.scribd.com\/document\/396141416\/Triptic-Concert-TMC-2018#from_embed\">Tr\u00edptic Concert TMC 2018<\/a> by <a style=\"text-decoration: underline;\" title=\"View escolapablopicasso's profile on Scribd\" href=\"https:\/\/www.scribd.com\/user\/317182417\/escolapablopicasso#from_embed\">escolapablopicasso<\/a> on Scribd<\/p>\n","protected":false},"author":1,"featured_media":0,"comment_status":"open","ping_status":"closed","sticky":false,"template":"","format":"standard","meta":{"_bbp_topic_count":0,"_bbp_reply_count":0,"_bbp_total_topic_count":0,"_bbp_total_reply_count":0,"_bbp_voice_count":0,"_bbp_anonymous_reply_count":0,"_bbp_topic_count_hidden":0,"_bbp_reply_count_hidden":0,"_bbp_forum_subforum_count":0,"footnotes":""},"categories":[22,23,1,2,24,4,5],"tags":[],"class_list":["post-4465","post","type-post","status-publish","format-standard","hentry","category-angles","category-nadal","category-general","category-infantil","category-musica","category-portada","category-primaria"],"post_mailing_queue_ids":[],"_links":{"self":[{"href":"https:\/\/agora.xtec.cat\/escolapablopicasso\/wp-json\/wp\/v2\/posts\/4465","targetHints":{"allow":["GET"]}}],"collection":[{"href":"https:\/\/agora.xtec.cat\/escolapablopicasso\/wp-json\/wp\/v2\/posts"}],"about":[{"href":"https:\/\/agora.xtec.cat\/escolapablopicasso\/wp-json\/wp\/v2\/types\/post"}],"author":[{"embeddable":true,"href":"https:\/\/agora.xtec.cat\/escolapablopicasso\/wp-json\/wp\/v2\/users\/1"}],"replies":[{"embeddable":true,"href":"https:\/\/agora.xtec.cat\/escolapablopicasso\/wp-json\/wp\/v2\/comments?post=4465"}],"version-history":[{"count":1,"href":"https:\/\/agora.xtec.cat\/escolapablopicasso\/wp-json\/wp\/v2\/posts\/4465\/revisions"}],"predecessor-version":[{"id":4466,"href":"https:\/\/agora.xtec.cat\/escolapablopicasso\/wp-json\/wp\/v2\/posts\/4465\/revisions\/4466"}],"wp:attachment":[{"href":"https:\/\/agora.xtec.cat\/escolapablopicasso\/wp-json\/wp\/v2\/media?parent=4465"}],"wp:term":[{"taxonomy":"category","embeddable":true,"href":"https:\/\/agora.xtec.cat\/escolapablopicasso\/wp-json\/wp\/v2\/categories?post=4465"},{"taxonomy":"post_tag","embeddable":true,"href":"https:\/\/agora.xtec.cat\/escolapablopicasso\/wp-json\/wp\/v2\/tags?post=4465"}],"curies":[{"name":"wp","href":"https:\/\/api.w.org\/{rel}","templated":true}]}}