{"id":444,"date":"2013-12-01T01:18:17","date_gmt":"2013-12-01T00:18:17","guid":{"rendered":"http:\/\/blocs.xtec.cat\/escolapablopicasso\/?p=444"},"modified":"2015-11-05T00:36:13","modified_gmt":"2015-11-04T23:36:13","slug":"fashion-show","status":"publish","type":"post","link":"https:\/\/agora.xtec.cat\/escolapablopicasso\/general\/fashion-show\/","title":{"rendered":"Fashion show!"},"content":{"rendered":"<p>Els nostres alumnes de 5\u00e8 han fet un &#8220;Fashion show&#8221;. Sou uns s\u00faper models!!!<\/p>\n<p>Els ha encantat l&#8217;experi\u00e8ncia, d&#8217;aqu\u00ed a la Barcelona Fashion Week! En lloc de la Pasarela Gaud\u00ed, ha estat la nostra Pasarela Picasso!<\/p>\n<p><iframe loading=\"lazy\" src=\"\/\/www.youtube.com\/embed\/s2B9MPFjfbs\" width=\"425\" height=\"350\"><\/iframe><\/p>\n<p><iframe loading=\"lazy\" src=\"\/\/www.youtube.com\/embed\/a68hQuMrzxU\" width=\"425\" height=\"350\"><\/iframe><\/p>\n<p><iframe loading=\"lazy\" src=\"\/\/www.youtube.com\/embed\/NqQZmFjuwt4\" width=\"425\" height=\"350\"><\/iframe><\/p>\n<p><iframe loading=\"lazy\" src=\"\/\/www.youtube.com\/embed\/-cTb6KiAaRY\" width=\"425\" height=\"350\"><\/iframe><\/p>\n<p><iframe loading=\"lazy\" src=\"\/\/www.youtube.com\/embed\/f6fuB9BzaTs\" width=\"425\" height=\"350\"><\/iframe><\/p>\n<p><iframe loading=\"lazy\" src=\"\/\/www.youtube.com\/embed\/RC7zLf_I4QM\" width=\"425\" height=\"350\"><\/iframe><\/p>\n<p><iframe loading=\"lazy\" src=\"\/\/www.youtube.com\/embed\/gGr8vlk0uKg\" width=\"425\" height=\"350\"><\/iframe><\/p>\n<p><iframe loading=\"lazy\" src=\"\/\/www.youtube.com\/embed\/LVqq1exJHZQ\" width=\"425\" height=\"350\"><\/iframe><\/p>\n<p><iframe loading=\"lazy\" src=\"\/\/www.youtube.com\/embed\/ZPuggbimLQ0\" width=\"425\" height=\"350\"><\/iframe><\/p>\n<p><iframe loading=\"lazy\" src=\"\/\/www.youtube.com\/embed\/o-u6xcQXxb0\" width=\"425\" height=\"350\"><\/iframe><\/p>\n<p><iframe loading=\"lazy\" src=\"\/\/www.youtube.com\/embed\/tL_nEYrpCfU\" width=\"425\" height=\"350\"><\/iframe><\/p>\n<p><iframe loading=\"lazy\" src=\"\/\/www.youtube.com\/embed\/7db5xc2wp9Q\" width=\"425\" height=\"350\"><\/iframe><\/p>\n<p><iframe loading=\"lazy\" src=\"\/\/www.youtube.com\/embed\/JEIn0GdGlmU\" width=\"425\" height=\"350\"><\/iframe><\/p>\n","protected":false},"excerpt":{"rendered":"<p>Els nostres alumnes de 5\u00e8 han fet un &#8220;Fashion show&#8221;. Sou uns s\u00faper models!!!<br \/>\nEls ha encantat l&#8217;experi\u00e8ncia, d&#8217;aqu\u00ed a la Barcelona Fashion Week! En lloc de la Pasarela Gaud\u00ed, ha estat la nostra Pasarela Picasso!<\/p>\n","protected":false},"author":3,"featured_media":0,"comment_status":"open","ping_status":"open","sticky":false,"template":"","format":"standard","meta":{"_bbp_topic_count":0,"_bbp_reply_count":0,"_bbp_total_topic_count":0,"_bbp_total_reply_count":0,"_bbp_voice_count":0,"_bbp_anonymous_reply_count":0,"_bbp_topic_count_hidden":0,"_bbp_reply_count_hidden":0,"_bbp_forum_subforum_count":0,"footnotes":""},"categories":[14,22,1],"tags":[],"class_list":["post-444","post","type-post","status-publish","format-standard","hentry","category-5e","category-angles","category-general"],"post_mailing_queue_ids":[],"_links":{"self":[{"href":"https:\/\/agora.xtec.cat\/escolapablopicasso\/wp-json\/wp\/v2\/posts\/444","targetHints":{"allow":["GET"]}}],"collection":[{"href":"https:\/\/agora.xtec.cat\/escolapablopicasso\/wp-json\/wp\/v2\/posts"}],"about":[{"href":"https:\/\/agora.xtec.cat\/escolapablopicasso\/wp-json\/wp\/v2\/types\/post"}],"author":[{"embeddable":true,"href":"https:\/\/agora.xtec.cat\/escolapablopicasso\/wp-json\/wp\/v2\/users\/3"}],"replies":[{"embeddable":true,"href":"https:\/\/agora.xtec.cat\/escolapablopicasso\/wp-json\/wp\/v2\/comments?post=444"}],"version-history":[{"count":1,"href":"https:\/\/agora.xtec.cat\/escolapablopicasso\/wp-json\/wp\/v2\/posts\/444\/revisions"}],"predecessor-version":[{"id":1681,"href":"https:\/\/agora.xtec.cat\/escolapablopicasso\/wp-json\/wp\/v2\/posts\/444\/revisions\/1681"}],"wp:attachment":[{"href":"https:\/\/agora.xtec.cat\/escolapablopicasso\/wp-json\/wp\/v2\/media?parent=444"}],"wp:term":[{"taxonomy":"category","embeddable":true,"href":"https:\/\/agora.xtec.cat\/escolapablopicasso\/wp-json\/wp\/v2\/categories?post=444"},{"taxonomy":"post_tag","embeddable":true,"href":"https:\/\/agora.xtec.cat\/escolapablopicasso\/wp-json\/wp\/v2\/tags?post=444"}],"curies":[{"name":"wp","href":"https:\/\/api.w.org\/{rel}","templated":true}]}}