{"id":4415,"date":"2018-12-05T16:31:01","date_gmt":"2018-12-05T15:31:01","guid":{"rendered":"http:\/\/agora.xtec.cat\/escolapablopicasso\/?p=4415"},"modified":"2018-12-20T16:46:56","modified_gmt":"2018-12-20T15:46:56","slug":"vestuari-del-picasso-en-concert","status":"publish","type":"post","link":"https:\/\/agora.xtec.cat\/escolapablopicasso\/general\/vestuari-del-picasso-en-concert\/","title":{"rendered":"Vestuari del &#8220;Picasso en concert&#8221;"},"content":{"rendered":"<p>ATENCI\u00d3!!!!!!!<\/p>\n<p>Com ja sabeu, el <strong>dimarts, 18 de desembre<\/strong> celebrarem el concert com cada any al TMC. El concert ser\u00e0 en tres torns:<\/p>\n<ul>\n<li><strong>1r torn: 9:30h a 10:30h\u00a0 \u00a0\u00a0\u00a0\u00a0\u00a0\u00a0<\/strong><strong>1rA, 2nA, 3rA, 4tA, 5\u00e8A i 6\u00e8A<\/strong><\/li>\n<li><strong>2n torn: 11:00h a 12:00h\u00a0 \u00a0 \u00a0<\/strong><strong>1rB, 2nB, 3rB, 4tB, 5\u00e8B i 6\u00e8B<\/strong><\/li>\n<li><strong>3r torn: \u00a015:15h a 16:15h \u00a0 \u00a0\u00a0<\/strong><strong>P3-6\u00e8A, P3- 6\u00e8B, P4, P5 i 1rC<\/strong><\/li>\n<\/ul>\n<p>Com podreu veure, aquest any hem canviat l\u2019organitzaci\u00f3 dels torns.\u00a0Aix\u00ed tots i totes podrem gaudir de m\u00e9s can\u00e7ons i a l\u2019escenari, hi haur\u00e0 m\u00e9s llibertat esc\u00e8nica i de moviment, i tamb\u00e9 m\u00e9s seguretat.<\/p>\n<p>Des de l\u2019\u00e0rea de m\u00fasica, els i les nostres alumnes i la mestra de m\u00fasica han acordat per cursos com aniran vestits aquest dia, en relaci\u00f3 amb la can\u00e7\u00f3 que cantaran.\u00a0Aqu\u00ed teniu les consignes de vestuari:<\/p>\n<p style=\"margin: 12px auto 6px auto; font-family: Helvetica,Arial,Sans-serif; font-style: normal; font-variant: normal; font-weight: normal; font-size: 14px; line-height: normal; font-size-adjust: none; font-stretch: normal; -x-system-font: none; display: block;\"><a style=\"text-decoration: underline;\" title=\"View Nota Fam\u00edlies Concert 2018 on Scribd\" href=\"https:\/\/www.scribd.com\/document\/394964583\/Nota-Families-Concert-2018#from_embed\">Nota Fam\u00edlies Concert 2018<\/a> by <a style=\"text-decoration: underline;\" title=\"View escolapablopicasso's profile on Scribd\" href=\"https:\/\/www.scribd.com\/user\/317182417\/escolapablopicasso#from_embed\">escolapablopicasso<\/a> on Scribd<\/p>\n<p><iframe loading=\"lazy\" id=\"doc_1060\" class=\"scribd_iframe_embed\" title=\"Nota Fam\u00edlies Concert 2018\" src=\"https:\/\/www.scribd.com\/embeds\/394964583\/content?start_page=1&amp;view_mode=scroll&amp;access_key=key-gJTvPWK4D4YZWAhBZUsu&amp;show_recommendations=true\" width=\"100%\" height=\"600\" frameborder=\"0\" scrolling=\"no\" data-auto-height=\"false\" data-aspect-ratio=\"0.7080062794348508\"><\/iframe><\/p>\n","protected":false},"excerpt":{"rendered":"<p>ATENCI\u00d3!!!!!!!<br \/>\nCom ja sabeu, el dimarts, 18 de desembre celebrarem el concert com cada any al TMC. El concert ser\u00e0 en tres torns:<\/p>\n<ul>\n<li>1r torn: 9:30h a 10:30h\u00a0 \u00a0\u00a0\u00a0\u00a0\u00a0\u00a01rA, 2nA, 3rA, 4tA, 5\u00e8A i 6\u00e8A<\/li>\n<li>2n torn: 11:00h a 12:00h\u00a0 \u00a0 \u00a01rB, 2nB, 3rB, 4tB, 5\u00e8B i 6\u00e8B<\/li>\n<li>3r&hellip;  <a href=\"https:\/\/agora.xtec.cat\/escolapablopicasso\/general\/vestuari-del-picasso-en-concert\/\" title=\"Read Vestuari del &#8220;Picasso en concert&#8221;\">Llegeix m\u00e9s\u00bb<\/a><br \/>\n","protected":false},"author":5,"featured_media":0,"comment_status":"open","ping_status":"closed","sticky":false,"template":"","format":"standard","meta":{"_bbp_topic_count":0,"_bbp_reply_count":0,"_bbp_total_topic_count":0,"_bbp_total_reply_count":0,"_bbp_voice_count":0,"_bbp_anonymous_reply_count":0,"_bbp_topic_count_hidden":0,"_bbp_reply_count_hidden":0,"_bbp_forum_subforum_count":0,"footnotes":""},"categories":[23,1,24,4],"tags":[],"class_list":["post-4415","post","type-post","status-publish","format-standard","hentry","category-nadal","category-general","category-musica","category-portada"],"post_mailing_queue_ids":[],"_links":{"self":[{"href":"https:\/\/agora.xtec.cat\/escolapablopicasso\/wp-json\/wp\/v2\/posts\/4415","targetHints":{"allow":["GET"]}}],"collection":[{"href":"https:\/\/agora.xtec.cat\/escolapablopicasso\/wp-json\/wp\/v2\/posts"}],"about":[{"href":"https:\/\/agora.xtec.cat\/escolapablopicasso\/wp-json\/wp\/v2\/types\/post"}],"author":[{"embeddable":true,"href":"https:\/\/agora.xtec.cat\/escolapablopicasso\/wp-json\/wp\/v2\/users\/5"}],"replies":[{"embeddable":true,"href":"https:\/\/agora.xtec.cat\/escolapablopicasso\/wp-json\/wp\/v2\/comments?post=4415"}],"version-history":[{"count":3,"href":"https:\/\/agora.xtec.cat\/escolapablopicasso\/wp-json\/wp\/v2\/posts\/4415\/revisions"}],"predecessor-version":[{"id":4441,"href":"https:\/\/agora.xtec.cat\/escolapablopicasso\/wp-json\/wp\/v2\/posts\/4415\/revisions\/4441"}],"wp:attachment":[{"href":"https:\/\/agora.xtec.cat\/escolapablopicasso\/wp-json\/wp\/v2\/media?parent=4415"}],"wp:term":[{"taxonomy":"category","embeddable":true,"href":"https:\/\/agora.xtec.cat\/escolapablopicasso\/wp-json\/wp\/v2\/categories?post=4415"},{"taxonomy":"post_tag","embeddable":true,"href":"https:\/\/agora.xtec.cat\/escolapablopicasso\/wp-json\/wp\/v2\/tags?post=4415"}],"curies":[{"name":"wp","href":"https:\/\/api.w.org\/{rel}","templated":true}]}}