{"id":4359,"date":"2018-10-31T22:27:28","date_gmt":"2018-10-31T21:27:28","guid":{"rendered":"http:\/\/agora.xtec.cat\/escolapablopicasso\/?p=4359"},"modified":"2019-02-07T22:10:49","modified_gmt":"2019-02-07T21:10:49","slug":"vivaldi-ens-inspira-educacio-infantil","status":"publish","type":"post","link":"https:\/\/agora.xtec.cat\/escolapablopicasso\/general\/vivaldi-ens-inspira-educacio-infantil\/","title":{"rendered":"VIVALDI  ENS  INSPIRA (Educaci\u00f3 Infantil)"},"content":{"rendered":"<p>Aquest dimecres 31 d&#8217;octubre, Dia de la Castanyada, els nens i nenes de P3, P4 i P5 hem anat tots plegats al Gimn\u00e0s per passar la tarda ballant i celebrant la Festa. Per\u00f2 no nom\u00e9s aix\u00f2,\u00a0 els nens i nenes de P4 ens tenien preparada una sorpresa. Tot escoltant la pe\u00e7a\u00a0 La Tardor de les Quatre Estacions de Vivaldi ens convidaven a pintar i dibuixar amb els colors de la Tardor\u00a0 all\u00f2 que la m\u00fasica ens feia sentir, ens recordava o ens inspirava&#8230;\u00a0 La m\u00e0gia de la m\u00fasica, del color i de la nostra expressi\u00f3 ens ha fet gaudir d&#8217;una magn\u00edfica estona. Per acabar, pinyes, castanyes, fulles, branques&#8230; i m\u00e9s&#8230; ens ha fet posar el punt final als nostres murals. Aqu\u00ed ho teniu.<\/p>\n<p><a href=\"http:\/\/www.kizoa.es\/Editar-V\u00eddeos-Movie-Maker\/d227722273k8149563o2l1\/sin-ttulo-\" target=\"_blank\" rel=\"noopener\">http:\/\/www.kizoa.es\/Editar-V\u00eddeos-Movie-Maker\/d227722273k8149563o2l1\/sin-ttulo-<\/a><\/p>\n<p>&nbsp;<\/p>\n<p>&nbsp;<\/p>\n","protected":false},"excerpt":{"rendered":"<p>Aquest dimecres 31 d&#8217;octubre, Dia de la Castanyada, els nens i nenes de P3, P4 i P5 hem anat tots plegats al Gimn\u00e0s per passar la tarda ballant i celebrant la Festa. Per\u00f2 no nom\u00e9s aix\u00f2,\u00a0 els nens i nenes de P4 ens tenien preparada&hellip;  <a href=\"https:\/\/agora.xtec.cat\/escolapablopicasso\/general\/vivaldi-ens-inspira-educacio-infantil\/\" title=\"Read VIVALDI  ENS  INSPIRA (Educaci\u00f3 Infantil)\">Llegeix m\u00e9s\u00bb<\/a><\/p>\n","protected":false},"author":4,"featured_media":0,"comment_status":"open","ping_status":"closed","sticky":false,"template":"","format":"standard","meta":{"_bbp_topic_count":0,"_bbp_reply_count":0,"_bbp_total_topic_count":0,"_bbp_total_reply_count":0,"_bbp_voice_count":0,"_bbp_anonymous_reply_count":0,"_bbp_topic_count_hidden":0,"_bbp_reply_count_hidden":0,"_bbp_forum_subforum_count":0,"footnotes":""},"categories":[23,1,3,8,9,2,24,4],"tags":[],"class_list":["post-4359","post","type-post","status-publish","format-standard","hentry","category-nadal","category-general","category-i3","category-i4","category-i5","category-infantil","category-musica","category-portada"],"post_mailing_queue_ids":[],"_links":{"self":[{"href":"https:\/\/agora.xtec.cat\/escolapablopicasso\/wp-json\/wp\/v2\/posts\/4359","targetHints":{"allow":["GET"]}}],"collection":[{"href":"https:\/\/agora.xtec.cat\/escolapablopicasso\/wp-json\/wp\/v2\/posts"}],"about":[{"href":"https:\/\/agora.xtec.cat\/escolapablopicasso\/wp-json\/wp\/v2\/types\/post"}],"author":[{"embeddable":true,"href":"https:\/\/agora.xtec.cat\/escolapablopicasso\/wp-json\/wp\/v2\/users\/4"}],"replies":[{"embeddable":true,"href":"https:\/\/agora.xtec.cat\/escolapablopicasso\/wp-json\/wp\/v2\/comments?post=4359"}],"version-history":[{"count":4,"href":"https:\/\/agora.xtec.cat\/escolapablopicasso\/wp-json\/wp\/v2\/posts\/4359\/revisions"}],"predecessor-version":[{"id":4518,"href":"https:\/\/agora.xtec.cat\/escolapablopicasso\/wp-json\/wp\/v2\/posts\/4359\/revisions\/4518"}],"wp:attachment":[{"href":"https:\/\/agora.xtec.cat\/escolapablopicasso\/wp-json\/wp\/v2\/media?parent=4359"}],"wp:term":[{"taxonomy":"category","embeddable":true,"href":"https:\/\/agora.xtec.cat\/escolapablopicasso\/wp-json\/wp\/v2\/categories?post=4359"},{"taxonomy":"post_tag","embeddable":true,"href":"https:\/\/agora.xtec.cat\/escolapablopicasso\/wp-json\/wp\/v2\/tags?post=4359"}],"curies":[{"name":"wp","href":"https:\/\/api.w.org\/{rel}","templated":true}]}}