{"id":4349,"date":"2018-10-25T08:18:21","date_gmt":"2018-10-25T06:18:21","guid":{"rendered":"http:\/\/agora.xtec.cat\/escolapablopicasso\/?p=4349"},"modified":"2018-11-07T10:37:42","modified_gmt":"2018-11-07T09:37:42","slug":"cappanxagenolls-i-peus","status":"publish","type":"post","link":"https:\/\/agora.xtec.cat\/escolapablopicasso\/general\/cappanxagenolls-i-peus\/","title":{"rendered":"Cap, panxa, genolls i peus"},"content":{"rendered":"<p><iframe loading=\"lazy\" title=\"Cap, panxa, genolls i peus\" width=\"500\" height=\"281\" src=\"https:\/\/www.youtube.com\/embed\/ja_PJpfoz5E?feature=oembed\" frameborder=\"0\" allow=\"accelerometer; autoplay; clipboard-write; encrypted-media; gyroscope; picture-in-picture; web-share\" referrerpolicy=\"strict-origin-when-cross-origin\" allowfullscreen><\/iframe><\/p>\n<p>L&#8217;esquema corporal \u00e9s la representaci\u00f3 mental que tenim del nostre cos, de les diferents parts i de la seva globalitat, \u00e9s a dir, la nostra consci\u00e8ncia corporal. Gr\u00e0cies a aquest els infants coneixen les seves possibilitats perceptives i motrius.<\/p>\n<p>Aquests dies els nens i nenes de P4 han plasmat aquesta representaci\u00f3 mental.<\/p>\n<p>Han creat i han gaudit! Enhorabona petits\/es!<\/p>\n","protected":false},"excerpt":{"rendered":"<p>L&#8217;esquema corporal \u00e9s la representaci\u00f3 mental que tenim del nostre cos, de les diferents parts i de la seva globalitat, \u00e9s a dir, la nostra consci\u00e8ncia corporal. Gr\u00e0cies a aquest els infants coneixen les seves possibilitats perceptives i motrius.<br \/>\nAquests dies els nens i nenes de&hellip;  <a href=\"https:\/\/agora.xtec.cat\/escolapablopicasso\/general\/cappanxagenolls-i-peus\/\" title=\"Read Cap, panxa, genolls i peus\">Llegeix m\u00e9s\u00bb<\/a><\/p>\n","protected":false},"author":4,"featured_media":4350,"comment_status":"open","ping_status":"closed","sticky":false,"template":"","format":"standard","meta":{"_bbp_topic_count":0,"_bbp_reply_count":0,"_bbp_total_topic_count":0,"_bbp_total_reply_count":0,"_bbp_voice_count":0,"_bbp_anonymous_reply_count":0,"_bbp_topic_count_hidden":0,"_bbp_reply_count_hidden":0,"_bbp_forum_subforum_count":0,"footnotes":""},"categories":[1,8,2,4],"tags":[],"class_list":["post-4349","post","type-post","status-publish","format-standard","has-post-thumbnail","hentry","category-general","category-i4","category-infantil","category-portada"],"post_mailing_queue_ids":[],"_links":{"self":[{"href":"https:\/\/agora.xtec.cat\/escolapablopicasso\/wp-json\/wp\/v2\/posts\/4349","targetHints":{"allow":["GET"]}}],"collection":[{"href":"https:\/\/agora.xtec.cat\/escolapablopicasso\/wp-json\/wp\/v2\/posts"}],"about":[{"href":"https:\/\/agora.xtec.cat\/escolapablopicasso\/wp-json\/wp\/v2\/types\/post"}],"author":[{"embeddable":true,"href":"https:\/\/agora.xtec.cat\/escolapablopicasso\/wp-json\/wp\/v2\/users\/4"}],"replies":[{"embeddable":true,"href":"https:\/\/agora.xtec.cat\/escolapablopicasso\/wp-json\/wp\/v2\/comments?post=4349"}],"version-history":[{"count":2,"href":"https:\/\/agora.xtec.cat\/escolapablopicasso\/wp-json\/wp\/v2\/posts\/4349\/revisions"}],"predecessor-version":[{"id":4353,"href":"https:\/\/agora.xtec.cat\/escolapablopicasso\/wp-json\/wp\/v2\/posts\/4349\/revisions\/4353"}],"wp:featuredmedia":[{"embeddable":true,"href":"https:\/\/agora.xtec.cat\/escolapablopicasso\/wp-json\/wp\/v2\/media\/4350"}],"wp:attachment":[{"href":"https:\/\/agora.xtec.cat\/escolapablopicasso\/wp-json\/wp\/v2\/media?parent=4349"}],"wp:term":[{"taxonomy":"category","embeddable":true,"href":"https:\/\/agora.xtec.cat\/escolapablopicasso\/wp-json\/wp\/v2\/categories?post=4349"},{"taxonomy":"post_tag","embeddable":true,"href":"https:\/\/agora.xtec.cat\/escolapablopicasso\/wp-json\/wp\/v2\/tags?post=4349"}],"curies":[{"name":"wp","href":"https:\/\/api.w.org\/{rel}","templated":true}]}}