{"id":4325,"date":"2018-10-19T13:32:23","date_gmt":"2018-10-19T11:32:23","guid":{"rendered":"http:\/\/agora.xtec.cat\/escolapablopicasso\/?p=4325"},"modified":"2018-11-07T10:14:21","modified_gmt":"2018-11-07T09:14:21","slug":"exposicio-de-la-tardor-2018","status":"publish","type":"post","link":"https:\/\/agora.xtec.cat\/escolapablopicasso\/general\/exposicio-de-la-tardor-2018\/","title":{"rendered":"VENIU A L&#8217;EXPOSICI\u00d3 DE &#8220;LA TARDOR 2018&#8221;"},"content":{"rendered":"<p>Us convidem a visitar l\u2019exposici\u00f3 de la tardor que han fet els nostres alumnes. Estaran exposats al vest\u00edbul de l\u2019escola i als passadissos de la 1a, 2a planta i a l\u2019aula d\u2019angl\u00e8s. L\u2019entrada a l\u2019exposici\u00f3 es far\u00e0 per la porta del vest\u00edbul de secretaria i es pujar\u00e0 per l\u2019escala del costat del menjador per tal d\u2019evitar aglomeracions.<\/p>\n<p>Aquest curs per tal que puguin assistir totes les fam\u00edlies, podreu venir dos dies: un a la tarda i un altre al migdia. L\u2019horari \u00e9s el seg\u00fcent:<\/p>\n<ul>\n<li><strong>el dimarts, dia 30 d\u2019octubre de 16:35h a 17:30h<\/strong><\/li>\n<li><strong>el dimecres, dia 31 d\u2019octubre de 12:35 a 13:30h<\/strong><\/li>\n<\/ul>\n<p>Us hi esperem!!!!!<\/p>\n<p><strong>\u00a0<img loading=\"lazy\" decoding=\"async\" class=\"aligncenter wp-image-4326 size-full\" src=\"https:\/\/agora.xtec.cat\/escolapablopicasso\/wp-content\/uploads\/usu295\/2018\/10\/tardor-dibuix.jpg\" alt=\"\" width=\"763\" height=\"491\" srcset=\"https:\/\/agora.xtec.cat\/escolapablopicasso\/wp-content\/uploads\/usu295\/2018\/10\/tardor-dibuix.jpg 763w, https:\/\/agora.xtec.cat\/escolapablopicasso\/wp-content\/uploads\/usu295\/2018\/10\/tardor-dibuix-300x193.jpg 300w\" sizes=\"auto, (max-width: 763px) 100vw, 763px\" \/><\/strong><\/p>\n","protected":false},"excerpt":{"rendered":"<p>Us convidem a visitar l\u2019exposici\u00f3 de la tardor que han fet els nostres alumnes. Estaran exposats al vest\u00edbul de l\u2019escola i als passadissos de la 1a, 2a planta i a l\u2019aula d\u2019angl\u00e8s. L\u2019entrada a l\u2019exposici\u00f3 es far\u00e0 per la porta del vest\u00edbul de secretaria i&hellip;  <a href=\"https:\/\/agora.xtec.cat\/escolapablopicasso\/general\/exposicio-de-la-tardor-2018\/\" title=\"Read VENIU A L&#8217;EXPOSICI\u00d3 DE &#8220;LA TARDOR 2018&#8221;\">Llegeix m\u00e9s\u00bb<\/a><\/p>\n","protected":false},"author":5,"featured_media":0,"comment_status":"open","ping_status":"closed","sticky":false,"template":"","format":"standard","meta":{"_bbp_topic_count":0,"_bbp_reply_count":0,"_bbp_total_topic_count":0,"_bbp_total_reply_count":0,"_bbp_voice_count":0,"_bbp_anonymous_reply_count":0,"_bbp_topic_count_hidden":0,"_bbp_reply_count_hidden":0,"_bbp_forum_subforum_count":0,"footnotes":""},"categories":[23,1,4],"tags":[],"class_list":["post-4325","post","type-post","status-publish","format-standard","hentry","category-nadal","category-general","category-portada"],"post_mailing_queue_ids":[],"_links":{"self":[{"href":"https:\/\/agora.xtec.cat\/escolapablopicasso\/wp-json\/wp\/v2\/posts\/4325","targetHints":{"allow":["GET"]}}],"collection":[{"href":"https:\/\/agora.xtec.cat\/escolapablopicasso\/wp-json\/wp\/v2\/posts"}],"about":[{"href":"https:\/\/agora.xtec.cat\/escolapablopicasso\/wp-json\/wp\/v2\/types\/post"}],"author":[{"embeddable":true,"href":"https:\/\/agora.xtec.cat\/escolapablopicasso\/wp-json\/wp\/v2\/users\/5"}],"replies":[{"embeddable":true,"href":"https:\/\/agora.xtec.cat\/escolapablopicasso\/wp-json\/wp\/v2\/comments?post=4325"}],"version-history":[{"count":3,"href":"https:\/\/agora.xtec.cat\/escolapablopicasso\/wp-json\/wp\/v2\/posts\/4325\/revisions"}],"predecessor-version":[{"id":4364,"href":"https:\/\/agora.xtec.cat\/escolapablopicasso\/wp-json\/wp\/v2\/posts\/4325\/revisions\/4364"}],"wp:attachment":[{"href":"https:\/\/agora.xtec.cat\/escolapablopicasso\/wp-json\/wp\/v2\/media?parent=4325"}],"wp:term":[{"taxonomy":"category","embeddable":true,"href":"https:\/\/agora.xtec.cat\/escolapablopicasso\/wp-json\/wp\/v2\/categories?post=4325"},{"taxonomy":"post_tag","embeddable":true,"href":"https:\/\/agora.xtec.cat\/escolapablopicasso\/wp-json\/wp\/v2\/tags?post=4325"}],"curies":[{"name":"wp","href":"https:\/\/api.w.org\/{rel}","templated":true}]}}