{"id":4321,"date":"2018-10-15T10:40:15","date_gmt":"2018-10-15T08:40:15","guid":{"rendered":"http:\/\/agora.xtec.cat\/escolapablopicasso\/?p=4321"},"modified":"2018-10-17T10:45:12","modified_gmt":"2018-10-17T08:45:12","slug":"creixer-en-familia","status":"publish","type":"post","link":"https:\/\/agora.xtec.cat\/escolapablopicasso\/general\/creixer-en-familia\/","title":{"rendered":"&#8220;Cr\u00e9ixer en fam\u00edlia&#8221;"},"content":{"rendered":"<p><span style=\"font-family: sans-serif; font-size: small;\"><iframe loading=\"lazy\" id=\"doc_47274\" class=\"scribd_iframe_embed\" title=\"Tr\u00edptic Cr\u00e9ixer en fam\u00edlia\" src=\"https:\/\/www.scribd.com\/embeds\/391031617\/content?start_page=1&amp;view_mode=scroll&amp;access_key=key-h61cz6UIOmRIj6nWUP5w&amp;show_recommendations=true\" width=\"600\" height=\"800\" frameborder=\"0\" scrolling=\"no\" data-auto-height=\"false\" data-aspect-ratio=\"1.4146341463414633\"><\/iframe><\/span><\/p>\n<p><span style=\"font-family: sans-serif; font-size: small;\">Us informem de que el Departament de Benestar Social i Fam\u00edlia de la Generalitat de Catalunya, en col\u00b7laboraci\u00f3 amb l&#8217;Ajuntament de Barber\u00e0 del Vall\u00e8s ofereix el programa formatiu\u00a0<\/span><a href=\"http:\/\/www.bdv.cat\/sites\/default\/files\/common\/Educacio\/triptic_creixer_en_familia_3-6_2018_web.pdf\" target=\"_blank\" rel=\"noopener\" data-saferedirecturl=\"https:\/\/www.google.com\/url?q=http:\/\/www.bdv.cat\/sites\/default\/files\/common\/Educacio\/triptic_creixer_en_familia_3-6_2018_web.pdf&amp;source=gmail&amp;ust=1539851539566000&amp;usg=AFQjCNFQihO7cQyd92M74D4ijEuImVDkBw\"><span style=\"color: blue; font-family: sans-serif; font-size: small;\">&#8220;Cr\u00e9ixer en fam\u00edlia&#8221;, adre\u00e7at a mares i pares d&#8217;infants de 3 a 6 anys<\/span><\/a><span style=\"font-family: sans-serif; font-size: small;\">.<\/span><span style=\"font-size: medium;\"><br \/>\n<\/span><span style=\"font-family: sans-serif; font-size: small;\"><br \/>\nEl taller consta de 6 sessions de dues hores cadascuna que es duran a terme els dimarts\u00a0<\/span><a href=\"http:\/\/www.bdv.cat\/sites\/default\/files\/common\/Educacio\/poster_a4-def_2018_1.pdf\" target=\"_blank\" rel=\"noopener\" data-saferedirecturl=\"https:\/\/www.google.com\/url?q=http:\/\/www.bdv.cat\/sites\/default\/files\/common\/Educacio\/poster_a4-def_2018_1.pdf&amp;source=gmail&amp;ust=1539851539566000&amp;usg=AFQjCNFy3CG-IkeY0ujKnJerPe0vrDHyDg\"><span style=\"color: blue; font-family: sans-serif; font-size: small;\"><b>23 i 30 d&#8217;octubre i el 6, 13, 20 i 27 de novembre<\/b>,\u00a0<b>de 17.30 a 19.30 hores<\/b>, a la\u00a0<b>Llar d&#8217;infants p\u00fablica municipal Rodona<\/b><\/span><\/a><span style=\"font-family: sans-serif; font-size: small;\">\u00a0(<a href=\"https:\/\/maps.google.com\/?q=c.+Nemesi+Valls,+37&amp;entry=gmail&amp;source=g\" target=\"_blank\" rel=\"noopener\" data-saferedirecturl=\"https:\/\/www.google.com\/url?q=https:\/\/maps.google.com\/?q%3Dc.%2BNemesi%2BValls,%2B37%26entry%3Dgmail%26source%3Dg&amp;source=gmail&amp;ust=1539851539566000&amp;usg=AFQjCNFgtLc7YrRBQ_UbR3fprgAiynDUOg\">c. Nemesi Valls, 37<\/a>).<\/span><span style=\"font-size: medium;\"><br \/>\n<\/span><span style=\"font-family: sans-serif; font-size: small;\"><br \/>\nEl programa d&#8217;orientaci\u00f3 educativa per a les fam\u00edlies &#8220;Cr\u00e9ixer en fam\u00edlia&#8221;, \u00e9s una de les activitats que ofereix l&#8217;Escola de Fam\u00edlies, a la Llar d&#8217;infants p\u00fablica municipal Rodona.\u00a0<\/span><span style=\"font-size: medium;\"><br \/>\n<\/span><span style=\"font-family: sans-serif; font-size: small;\"><br \/>\nL&#8217;<b>Escola de Fam\u00edlies<\/b>\u00a0\u00e9s un projecte que pret\u00e9n crear espais de formaci\u00f3 per a fam\u00edlies amb infants fins a 6 anys, on tractar temes d&#8217;educaci\u00f3 i crian\u00e7a positiva, amb oferta de tallers, debats i xerrades que donin resposta a les necessitats i interessos de les fam\u00edlies i que s&#8217;emmarca en el d&#8217;<b>Espais d&#8217;atenci\u00f3 a la petita inf\u00e0ncia i fam\u00edlia<\/b>, que ha entrat en funcionament aquest curs a les llars d&#8217;infants p\u00fabliques municipals Rodona i Xerinola, i que acullen els espais nad\u00f3 i familiar, l&#8217;escola de fam\u00edlies, l&#8217;espai de trobada multisensorial, altres recursos adre\u00e7ats a la petita inf\u00e0ncia i altres activitats de suport a la funci\u00f3 educativa de les fam\u00edlies.<\/span><span style=\"font-size: medium;\"><br \/>\n<\/span><span style=\"font-family: sans-serif; font-size: small;\"><b><br \/>\nPer formalitzar la inscripci\u00f3 al cicle de tallers, que \u00e9s gratu\u00efta, podeu trucar a la Secci\u00f3 d&#8217;Educaci\u00f3, 1a Inf\u00e0ncia i Fam\u00edlia (tel. 93 729 71 71, ext. 263), en horari de 8 a 14 hores, o enviar un correu electr\u00f2nic a\u00a0<a href=\"mailto:ibarsbl@bdv.cat\" target=\"_blank\" rel=\"noopener\">ibarsbl@bdv.cat<\/a>.<\/b><\/span><span style=\"font-size: medium;\"><br \/>\n<\/span><span style=\"font-family: sans-serif; font-size: small;\"><br \/>\nLa realitzaci\u00f3 del taller queda condicionada a un nombre m\u00ednim d&#8217;inscripcions.<\/span><span style=\"font-size: medium;\">\u00a0<\/span><\/p>\n","protected":false},"excerpt":{"rendered":"<p>Us informem de que el Departament de Benestar Social i Fam\u00edlia de la Generalitat de Catalunya, en col\u00b7laboraci\u00f3 amb l&#8217;Ajuntament de Barber\u00e0 del Vall\u00e8s ofereix el programa formatiu\u00a0<a href=\"http:\/\/www.bdv.cat\/sites\/default\/files\/common\/Educacio\/triptic_creixer_en_familia_3-6_2018_web.pdf\" target=\"_blank\" rel=\"noopener\" data-saferedirecturl=\"https:\/\/www.google.com\/url?q=http:\/\/www.bdv.cat\/sites\/default\/files\/common\/Educacio\/triptic_creixer_en_familia_3-6_2018_web.pdf&amp;source=gmail&amp;ust=1539851539566000&amp;usg=AFQjCNFQihO7cQyd92M74D4ijEuImVDkBw\">&#8220;Cr\u00e9ixer en fam\u00edlia&#8221;, adre\u00e7at a mares i pares d&#8217;infants de 3 a 6 anys<\/a>.<\/p>\n<p>El&hellip;  <a href=\"https:\/\/agora.xtec.cat\/escolapablopicasso\/general\/creixer-en-familia\/\" title=\"Read &#8220;Cr\u00e9ixer en fam\u00edlia&#8221;\">Llegeix m\u00e9s\u00bb<\/a><\/p>\n","protected":false},"author":1,"featured_media":0,"comment_status":"open","ping_status":"closed","sticky":false,"template":"","format":"standard","meta":{"_bbp_topic_count":0,"_bbp_reply_count":0,"_bbp_total_topic_count":0,"_bbp_total_reply_count":0,"_bbp_voice_count":0,"_bbp_anonymous_reply_count":0,"_bbp_topic_count_hidden":0,"_bbp_reply_count_hidden":0,"_bbp_forum_subforum_count":0,"footnotes":""},"categories":[1,2,4,5],"tags":[],"class_list":["post-4321","post","type-post","status-publish","format-standard","hentry","category-general","category-infantil","category-portada","category-primaria"],"post_mailing_queue_ids":[],"_links":{"self":[{"href":"https:\/\/agora.xtec.cat\/escolapablopicasso\/wp-json\/wp\/v2\/posts\/4321","targetHints":{"allow":["GET"]}}],"collection":[{"href":"https:\/\/agora.xtec.cat\/escolapablopicasso\/wp-json\/wp\/v2\/posts"}],"about":[{"href":"https:\/\/agora.xtec.cat\/escolapablopicasso\/wp-json\/wp\/v2\/types\/post"}],"author":[{"embeddable":true,"href":"https:\/\/agora.xtec.cat\/escolapablopicasso\/wp-json\/wp\/v2\/users\/1"}],"replies":[{"embeddable":true,"href":"https:\/\/agora.xtec.cat\/escolapablopicasso\/wp-json\/wp\/v2\/comments?post=4321"}],"version-history":[{"count":3,"href":"https:\/\/agora.xtec.cat\/escolapablopicasso\/wp-json\/wp\/v2\/posts\/4321\/revisions"}],"predecessor-version":[{"id":4324,"href":"https:\/\/agora.xtec.cat\/escolapablopicasso\/wp-json\/wp\/v2\/posts\/4321\/revisions\/4324"}],"wp:attachment":[{"href":"https:\/\/agora.xtec.cat\/escolapablopicasso\/wp-json\/wp\/v2\/media?parent=4321"}],"wp:term":[{"taxonomy":"category","embeddable":true,"href":"https:\/\/agora.xtec.cat\/escolapablopicasso\/wp-json\/wp\/v2\/categories?post=4321"},{"taxonomy":"post_tag","embeddable":true,"href":"https:\/\/agora.xtec.cat\/escolapablopicasso\/wp-json\/wp\/v2\/tags?post=4321"}],"curies":[{"name":"wp","href":"https:\/\/api.w.org\/{rel}","templated":true}]}}