{"id":4243,"date":"2018-06-17T13:31:16","date_gmt":"2018-06-17T11:31:16","guid":{"rendered":"http:\/\/agora.xtec.cat\/escolapablopicasso\/?p=4243"},"modified":"2018-07-03T13:33:01","modified_gmt":"2018-07-03T11:33:01","slug":"sopar-graduacio-6e","status":"publish","type":"post","link":"https:\/\/agora.xtec.cat\/escolapablopicasso\/general\/sopar-graduacio-6e\/","title":{"rendered":"Sopar graduaci\u00f3 6\u00e8"},"content":{"rendered":"<p>El passat dissabte 16 de juny a les 20h es va celebrar la graduaci\u00f3 dels nostres alumnes de 6\u00e8.<\/p>\n<p>Aqu\u00ed teniu l&#8217;acte que van organitzar els pares i mares de 6\u00e8. Tot molt emotiu! Molta sort!<\/p>\n<p><iframe loading=\"lazy\" title=\"Sopar sise\u0300 2018\" width=\"500\" height=\"281\" src=\"https:\/\/www.youtube.com\/embed\/SYrgDzt-Sbo?feature=oembed\" frameborder=\"0\" allow=\"accelerometer; autoplay; clipboard-write; encrypted-media; gyroscope; picture-in-picture; web-share\" referrerpolicy=\"strict-origin-when-cross-origin\" allowfullscreen><\/iframe><\/p>\n","protected":false},"excerpt":{"rendered":"<p>El passat dissabte 16 de juny a les 20h es va celebrar la graduaci\u00f3 dels nostres alumnes de 6\u00e8.<br \/>\nAqu\u00ed teniu l&#8217;acte que van organitzar els pares i mares de 6\u00e8. Tot molt emotiu! Molta sort!<\/p>\n","protected":false},"author":1,"featured_media":4244,"comment_status":"open","ping_status":"closed","sticky":false,"template":"","format":"standard","meta":{"_bbp_topic_count":0,"_bbp_reply_count":0,"_bbp_total_topic_count":0,"_bbp_total_reply_count":0,"_bbp_voice_count":0,"_bbp_anonymous_reply_count":0,"_bbp_topic_count_hidden":0,"_bbp_reply_count_hidden":0,"_bbp_forum_subforum_count":0,"footnotes":""},"categories":[15,7,23,1,4,5],"tags":[],"class_list":["post-4243","post","type-post","status-publish","format-standard","has-post-thumbnail","hentry","category-6e","category-ampa","category-nadal","category-general","category-portada","category-primaria"],"post_mailing_queue_ids":[],"_links":{"self":[{"href":"https:\/\/agora.xtec.cat\/escolapablopicasso\/wp-json\/wp\/v2\/posts\/4243","targetHints":{"allow":["GET"]}}],"collection":[{"href":"https:\/\/agora.xtec.cat\/escolapablopicasso\/wp-json\/wp\/v2\/posts"}],"about":[{"href":"https:\/\/agora.xtec.cat\/escolapablopicasso\/wp-json\/wp\/v2\/types\/post"}],"author":[{"embeddable":true,"href":"https:\/\/agora.xtec.cat\/escolapablopicasso\/wp-json\/wp\/v2\/users\/1"}],"replies":[{"embeddable":true,"href":"https:\/\/agora.xtec.cat\/escolapablopicasso\/wp-json\/wp\/v2\/comments?post=4243"}],"version-history":[{"count":1,"href":"https:\/\/agora.xtec.cat\/escolapablopicasso\/wp-json\/wp\/v2\/posts\/4243\/revisions"}],"predecessor-version":[{"id":4245,"href":"https:\/\/agora.xtec.cat\/escolapablopicasso\/wp-json\/wp\/v2\/posts\/4243\/revisions\/4245"}],"wp:featuredmedia":[{"embeddable":true,"href":"https:\/\/agora.xtec.cat\/escolapablopicasso\/wp-json\/wp\/v2\/media\/4244"}],"wp:attachment":[{"href":"https:\/\/agora.xtec.cat\/escolapablopicasso\/wp-json\/wp\/v2\/media?parent=4243"}],"wp:term":[{"taxonomy":"category","embeddable":true,"href":"https:\/\/agora.xtec.cat\/escolapablopicasso\/wp-json\/wp\/v2\/categories?post=4243"},{"taxonomy":"post_tag","embeddable":true,"href":"https:\/\/agora.xtec.cat\/escolapablopicasso\/wp-json\/wp\/v2\/tags?post=4243"}],"curies":[{"name":"wp","href":"https:\/\/api.w.org\/{rel}","templated":true}]}}