{"id":4208,"date":"2018-06-08T09:46:51","date_gmt":"2018-06-08T07:46:51","guid":{"rendered":"http:\/\/agora.xtec.cat\/escolapablopicasso\/?p=4208"},"modified":"2018-06-10T20:53:59","modified_gmt":"2018-06-10T18:53:59","slug":"v-festa-major-de-lescola-pablo-picasso","status":"publish","type":"post","link":"https:\/\/agora.xtec.cat\/escolapablopicasso\/general\/v-festa-major-de-lescola-pablo-picasso\/","title":{"rendered":"V FESTA MAJOR DE L&#8217;ESCOLA PABLO PICASSO"},"content":{"rendered":"<p>Aquest proper divendres 15 de juny a les 17h celebrarem la V Festa major de l&#8217;escola Pablo Picasso que organitza l&#8217;AMPA conjuntament amb l&#8217;escola, amb un munt d&#8217;activitats, que teniu aqu\u00ed en els programes de la festa, com castells inflables, t\u00f2mbola, jocs, tallers infantils, festa de l&#8217;escuma, sopar de germanor i moltes coses m\u00e9s!!! Ja sabeu, no us ho podeu perdre!!!<img loading=\"lazy\" decoding=\"async\" class=\"wp-image-4209 alignright\" src=\"http:\/\/agora.xtec.cat\/escolapablopicasso\/wp-content\/uploads\/usu295\/2018\/06\/EPP_Poster_A-OK_SIN-724x1024.jpg\" alt=\"\" width=\"265\" height=\"375\" srcset=\"https:\/\/agora.xtec.cat\/escolapablopicasso\/wp-content\/uploads\/usu295\/2018\/06\/EPP_Poster_A-OK_SIN-724x1024.jpg 724w, https:\/\/agora.xtec.cat\/escolapablopicasso\/wp-content\/uploads\/usu295\/2018\/06\/EPP_Poster_A-OK_SIN-212x300.jpg 212w, https:\/\/agora.xtec.cat\/escolapablopicasso\/wp-content\/uploads\/usu295\/2018\/06\/EPP_Poster_A-OK_SIN-768x1086.jpg 768w, https:\/\/agora.xtec.cat\/escolapablopicasso\/wp-content\/uploads\/usu295\/2018\/06\/EPP_Poster_A-OK_SIN.jpg 1920w\" sizes=\"auto, (max-width: 265px) 100vw, 265px\" \/><\/p>\n<p style=\"margin: 12px auto 6px auto; font-family: Helvetica,Arial,Sans-serif; font-style: normal; font-variant: normal; font-weight: normal; font-size: 14px; line-height: normal; font-size-adjust: none; font-stretch: normal; -x-system-font: none; display: block;\"><a style=\"text-decoration: underline;\" title=\"View Programa V Festa Major 1 on Scribd\" href=\"https:\/\/www.scribd.com\/document\/381465581\/Programa-V-Festa-Major-1#from_embed\">Programa V Festa Major 1<\/a><\/p>\n<p><iframe loading=\"lazy\" id=\"doc_59248\" class=\"scribd_iframe_embed\" title=\"Programa V Festa Major 1\" src=\"https:\/\/www.scribd.com\/embeds\/381465581\/content?start_page=1&amp;view_mode=scroll&amp;access_key=key-7N8qKFQ6pEUDOiEALLVJ&amp;show_recommendations=true\" width=\"400\" height=\"600\" frameborder=\"0\" scrolling=\"no\" data-auto-height=\"false\" data-aspect-ratio=\"1.414442700156986\"><\/iframe><\/p>\n<p>I aquest any, en teniu dues versions m\u00e9s del tr\u00edptics, per donar cabuda a tots els dibuixos!<\/p>\n<p><a style=\"text-decoration: underline;\" title=\"View Programa V Festa Major 2 on Scribd\" href=\"https:\/\/www.scribd.com\/document\/381465582\/Programa-V-Festa-Major-2#from_embed\">Programa V Festa Major 2<\/a><\/p>\n<p>&nbsp;<\/p>\n<p style=\"margin: 12px auto 6px auto; font-family: Helvetica,Arial,Sans-serif; font-style: normal; font-variant: normal; font-weight: normal; font-size: 14px; line-height: normal; font-size-adjust: none; font-stretch: normal; -x-system-font: none; display: block;\"><a style=\"text-decoration: underline;\" title=\"View Programa V Festa Major 3 on Scribd\" href=\"https:\/\/www.scribd.com\/document\/381465583\/Programa-V-Festa-Major-3#from_embed\">Programa V Festa Major 3<\/a><\/p>\n<p>&nbsp;<\/p>\n","protected":false},"excerpt":{"rendered":"<p>Aquest proper divendres 15 de juny a les 17h celebrarem la V Festa major de l&#8217;escola Pablo Picasso que organitza l&#8217;AMPA conjuntament amb l&#8217;escola, amb un munt d&#8217;activitats, que teniu aqu\u00ed en els programes de la festa, com castells inflables, t\u00f2mbola, jocs, tallers infantils, festa&hellip;  <a href=\"https:\/\/agora.xtec.cat\/escolapablopicasso\/general\/v-festa-major-de-lescola-pablo-picasso\/\" title=\"Read V FESTA MAJOR DE L&#8217;ESCOLA PABLO PICASSO\">Llegeix m\u00e9s\u00bb<\/a><\/p>\n","protected":false},"author":1,"featured_media":0,"comment_status":"open","ping_status":"closed","sticky":false,"template":"","format":"standard","meta":{"_bbp_topic_count":0,"_bbp_reply_count":0,"_bbp_total_topic_count":0,"_bbp_total_reply_count":0,"_bbp_voice_count":0,"_bbp_anonymous_reply_count":0,"_bbp_topic_count_hidden":0,"_bbp_reply_count_hidden":0,"_bbp_forum_subforum_count":0,"footnotes":""},"categories":[7,23,1,2,4,5],"tags":[],"class_list":["post-4208","post","type-post","status-publish","format-standard","hentry","category-ampa","category-nadal","category-general","category-infantil","category-portada","category-primaria"],"post_mailing_queue_ids":[],"_links":{"self":[{"href":"https:\/\/agora.xtec.cat\/escolapablopicasso\/wp-json\/wp\/v2\/posts\/4208","targetHints":{"allow":["GET"]}}],"collection":[{"href":"https:\/\/agora.xtec.cat\/escolapablopicasso\/wp-json\/wp\/v2\/posts"}],"about":[{"href":"https:\/\/agora.xtec.cat\/escolapablopicasso\/wp-json\/wp\/v2\/types\/post"}],"author":[{"embeddable":true,"href":"https:\/\/agora.xtec.cat\/escolapablopicasso\/wp-json\/wp\/v2\/users\/1"}],"replies":[{"embeddable":true,"href":"https:\/\/agora.xtec.cat\/escolapablopicasso\/wp-json\/wp\/v2\/comments?post=4208"}],"version-history":[{"count":3,"href":"https:\/\/agora.xtec.cat\/escolapablopicasso\/wp-json\/wp\/v2\/posts\/4208\/revisions"}],"predecessor-version":[{"id":4212,"href":"https:\/\/agora.xtec.cat\/escolapablopicasso\/wp-json\/wp\/v2\/posts\/4208\/revisions\/4212"}],"wp:attachment":[{"href":"https:\/\/agora.xtec.cat\/escolapablopicasso\/wp-json\/wp\/v2\/media?parent=4208"}],"wp:term":[{"taxonomy":"category","embeddable":true,"href":"https:\/\/agora.xtec.cat\/escolapablopicasso\/wp-json\/wp\/v2\/categories?post=4208"},{"taxonomy":"post_tag","embeddable":true,"href":"https:\/\/agora.xtec.cat\/escolapablopicasso\/wp-json\/wp\/v2\/tags?post=4208"}],"curies":[{"name":"wp","href":"https:\/\/api.w.org\/{rel}","templated":true}]}}