{"id":4025,"date":"2018-04-16T11:43:31","date_gmt":"2018-04-16T09:43:31","guid":{"rendered":"http:\/\/agora.xtec.cat\/escolapablopicasso\/?p=4025"},"modified":"2018-04-16T11:44:30","modified_gmt":"2018-04-16T09:44:30","slug":"personificacion-5e-2n","status":"publish","type":"post","link":"https:\/\/agora.xtec.cat\/escolapablopicasso\/general\/personificacion-5e-2n\/","title":{"rendered":"Personificaci\u00f3n 5\u00e8 &#8211; 2n"},"content":{"rendered":"<p>Els infants de 5\u00e8\u00a0van treballar la personificaci\u00f3 a l&#8217;\u00e0rea de Castell\u00e0 durant el segon trimestre. Aquest treball tan maco l&#8217;han estat guardant per ara, per la Setmana Liter\u00e0ria i pels seus fillols\/es, els de 2n.<\/p>\n<p>Com podeu veure, no nom\u00e9s \u00e9s genial la seva creativitat i imaginaci\u00f3 a l&#8217;hora d&#8217;escollir els elements que fan de persones i les seves hist\u00f2ries, sin\u00f3 amb quina estima el llegeixen i el preparen pels m\u00e9s petits\/es.<\/p>\n<p>Aqu\u00ed els teniu. Gaudiu-ne!<\/p>\n<p><strong>5\u00e8A<\/strong><\/p>\n<p><iframe loading=\"lazy\" title=\"Personificaci\u00f3n 5\u00e8A - 2nA\" width=\"500\" height=\"281\" src=\"https:\/\/www.youtube.com\/embed\/Q9noqQBU6Dc?feature=oembed\" frameborder=\"0\" allow=\"accelerometer; autoplay; clipboard-write; encrypted-media; gyroscope; picture-in-picture; web-share\" referrerpolicy=\"strict-origin-when-cross-origin\" allowfullscreen><\/iframe><\/p>\n<p><strong>5\u00e8B<\/strong><\/p>\n<p><iframe loading=\"lazy\" title=\"Personificaci\u00f3n 5\u00e8B - 2nB\" width=\"500\" height=\"281\" src=\"https:\/\/www.youtube.com\/embed\/IWu-5NYvGKY?feature=oembed\" frameborder=\"0\" allow=\"accelerometer; autoplay; clipboard-write; encrypted-media; gyroscope; picture-in-picture; web-share\" referrerpolicy=\"strict-origin-when-cross-origin\" allowfullscreen><\/iframe><\/p>\n","protected":false},"excerpt":{"rendered":"<p>Els infants de 5\u00e8\u00a0van treballar la personificaci\u00f3 a l&#8217;\u00e0rea de Castell\u00e0 durant el segon trimestre. Aquest treball tan maco l&#8217;han estat guardant per ara, per la Setmana Liter\u00e0ria i pels seus fillols\/es, els de 2n.<br \/>\nCom podeu veure, no nom\u00e9s \u00e9s genial la seva creativitat i&hellip;  <a href=\"https:\/\/agora.xtec.cat\/escolapablopicasso\/general\/personificacion-5e-2n\/\" title=\"Read Personificaci\u00f3n 5\u00e8 &#8211; 2n\">Llegeix m\u00e9s\u00bb<\/a><\/p>\n","protected":false},"author":1,"featured_media":4026,"comment_status":"open","ping_status":"closed","sticky":false,"template":"","format":"standard","meta":{"_bbp_topic_count":0,"_bbp_reply_count":0,"_bbp_total_topic_count":0,"_bbp_total_reply_count":0,"_bbp_voice_count":0,"_bbp_anonymous_reply_count":0,"_bbp_topic_count_hidden":0,"_bbp_reply_count_hidden":0,"_bbp_forum_subforum_count":0,"footnotes":""},"categories":[11,15,23,1,4,5],"tags":[],"class_list":["post-4025","post","type-post","status-publish","format-standard","has-post-thumbnail","hentry","category-2n","category-6e","category-nadal","category-general","category-portada","category-primaria"],"post_mailing_queue_ids":[],"_links":{"self":[{"href":"https:\/\/agora.xtec.cat\/escolapablopicasso\/wp-json\/wp\/v2\/posts\/4025","targetHints":{"allow":["GET"]}}],"collection":[{"href":"https:\/\/agora.xtec.cat\/escolapablopicasso\/wp-json\/wp\/v2\/posts"}],"about":[{"href":"https:\/\/agora.xtec.cat\/escolapablopicasso\/wp-json\/wp\/v2\/types\/post"}],"author":[{"embeddable":true,"href":"https:\/\/agora.xtec.cat\/escolapablopicasso\/wp-json\/wp\/v2\/users\/1"}],"replies":[{"embeddable":true,"href":"https:\/\/agora.xtec.cat\/escolapablopicasso\/wp-json\/wp\/v2\/comments?post=4025"}],"version-history":[{"count":1,"href":"https:\/\/agora.xtec.cat\/escolapablopicasso\/wp-json\/wp\/v2\/posts\/4025\/revisions"}],"predecessor-version":[{"id":4027,"href":"https:\/\/agora.xtec.cat\/escolapablopicasso\/wp-json\/wp\/v2\/posts\/4025\/revisions\/4027"}],"wp:featuredmedia":[{"embeddable":true,"href":"https:\/\/agora.xtec.cat\/escolapablopicasso\/wp-json\/wp\/v2\/media\/4026"}],"wp:attachment":[{"href":"https:\/\/agora.xtec.cat\/escolapablopicasso\/wp-json\/wp\/v2\/media?parent=4025"}],"wp:term":[{"taxonomy":"category","embeddable":true,"href":"https:\/\/agora.xtec.cat\/escolapablopicasso\/wp-json\/wp\/v2\/categories?post=4025"},{"taxonomy":"post_tag","embeddable":true,"href":"https:\/\/agora.xtec.cat\/escolapablopicasso\/wp-json\/wp\/v2\/tags?post=4025"}],"curies":[{"name":"wp","href":"https:\/\/api.w.org\/{rel}","templated":true}]}}