{"id":3997,"date":"2018-04-11T15:45:50","date_gmt":"2018-04-11T13:45:50","guid":{"rendered":"http:\/\/agora.xtec.cat\/escolapablopicasso\/?p=3997"},"modified":"2018-04-13T15:52:53","modified_gmt":"2018-04-13T13:52:53","slug":"som-noticia","status":"publish","type":"post","link":"https:\/\/agora.xtec.cat\/escolapablopicasso\/general\/som-noticia\/","title":{"rendered":"Som not\u00edcia!"},"content":{"rendered":"<p>Des de l&#8217;Ajuntament de Barber\u00e0 del Vall\u00e8s, s&#8217;han fet ress\u00f3 de l&#8217;exposici\u00f3 de les dones artistes de la nostra escola, que vam estar preparant durant tot el curs i que vam inaugurar el 8 de mar\u00e7, dia Internacional de la dona. Aqu\u00ed teniu l&#8217;enlla\u00e7 a la not\u00edcia:<\/p>\n<p><a href=\"http:\/\/www.bdv.cat\/noticies\/lescola-pablo-picasso-reivindica-laportacio-de-les-dones-artistes-amb-una-exposicio\">http:\/\/www.bdv.cat\/noticies\/lescola-pablo-picasso-reivindica-laportacio-de-les-dones-artistes-amb-una-exposicio<\/a><\/p>\n<blockquote><p>&#8220;11\/04\/2018 &#8211; 12:15<\/p><\/blockquote>\n<div class=\"field field-name-body field-type-text-with-summary field-label-hidden field-wrapper\">\n<div class=\"field-items\">\n<div class=\"field-item even\">\n<blockquote>\n<p align=\"center\"><strong><em>La<\/em><\/strong> <strong><em>mostra, en la que ha participat tots els cicles del centre educatiu, t\u00e9 per objectiu visibilitzar l&#8217;aportaci\u00f3 de les dones en l&#8217;art.<\/em><\/strong><\/p>\n<p>El passat <strong>8 de mar\u00e7, Dia Internacional de les Dones<\/strong>, l&#8217;<strong>Escola Pablo Picasso <\/strong>va organitzar una exposici\u00f3 dedicada a dones artistes, concretament a tres. Sota el nom <strong>&#8216;L&#8217;escola es converteix en un museu&#8217;<\/strong> el centre educatiu ha exposat tot un seguit de treballs que els infants han realitzat sobre l&#8217;obra de diferents dones.<\/p>\n<p>Tots els cicles del centre ha dedicat a con\u00e8ixer una artista. Aix\u00ed, el <strong>cicle infantil<\/strong> ha treballat\u00a0 la <strong>vida i obra de l&#8217;<\/strong><strong>escriptora, il\u00b7lustradora, fabulista de literatura infantil i naturalista,<\/strong><strong> Beatrix Potter<\/strong>; el <strong>cicle inicial<\/strong> ha realitzat diverses activitats per aprofundir sobre els treballs de la <strong>dissenyadora, Sanna Annukka<\/strong>; els nens i nenes del <strong>cicle mitj\u00e0<\/strong> ha treballat la t\u00e8cnica, tant d&#8217;escultura com de pintura, de l&#8217;<strong>artista japonesa, Yayoi Kusana; <\/strong>i el <strong>cicle superior<\/strong> ha experimentat diferents t\u00e8cniques utilitzades per la <strong>pintora mexicana, Frida Kahlo<\/strong>.<\/p>\n<p>L&#8217;exposici\u00f3 contenia una <strong>part interactiva<\/strong>, en la que tant infants com fam\u00edlia podien participar i col\u00b7laborar deixant la seva empremta art\u00edstica. En concret es tractava de la part dedicada a Yayoi Kusama, que a l&#8217;igual que es va poder fer a la mostra &#8216;The Obliteration room&#8217; del Museu d&#8217;Art Modern de Nova York, totes les persones visitants van poder pintar en diferents colors.&#8221;<\/p><\/blockquote>\n<\/div>\n<\/div>\n<\/div>\n","protected":false},"excerpt":{"rendered":"<p>Des de l&#8217;Ajuntament de Barber\u00e0 del Vall\u00e8s, s&#8217;han fet ress\u00f3 de l&#8217;exposici\u00f3 de les dones artistes de la nostra escola, que vam estar preparant durant tot el curs i que vam inaugurar el 8 de mar\u00e7, dia Internacional de la dona. Aqu\u00ed teniu l&#8217;enlla\u00e7 a&hellip;  <a href=\"https:\/\/agora.xtec.cat\/escolapablopicasso\/general\/som-noticia\/\" title=\"Read Som not\u00edcia!\">Llegeix m\u00e9s\u00bb<\/a><\/p>\n","protected":false},"author":1,"featured_media":0,"comment_status":"open","ping_status":"closed","sticky":false,"template":"","format":"standard","meta":{"_bbp_topic_count":0,"_bbp_reply_count":0,"_bbp_total_topic_count":0,"_bbp_total_reply_count":0,"_bbp_voice_count":0,"_bbp_anonymous_reply_count":0,"_bbp_topic_count_hidden":0,"_bbp_reply_count_hidden":0,"_bbp_forum_subforum_count":0,"footnotes":""},"categories":[1,4],"tags":[],"class_list":["post-3997","post","type-post","status-publish","format-standard","hentry","category-general","category-portada"],"post_mailing_queue_ids":[],"_links":{"self":[{"href":"https:\/\/agora.xtec.cat\/escolapablopicasso\/wp-json\/wp\/v2\/posts\/3997","targetHints":{"allow":["GET"]}}],"collection":[{"href":"https:\/\/agora.xtec.cat\/escolapablopicasso\/wp-json\/wp\/v2\/posts"}],"about":[{"href":"https:\/\/agora.xtec.cat\/escolapablopicasso\/wp-json\/wp\/v2\/types\/post"}],"author":[{"embeddable":true,"href":"https:\/\/agora.xtec.cat\/escolapablopicasso\/wp-json\/wp\/v2\/users\/1"}],"replies":[{"embeddable":true,"href":"https:\/\/agora.xtec.cat\/escolapablopicasso\/wp-json\/wp\/v2\/comments?post=3997"}],"version-history":[{"count":1,"href":"https:\/\/agora.xtec.cat\/escolapablopicasso\/wp-json\/wp\/v2\/posts\/3997\/revisions"}],"predecessor-version":[{"id":3998,"href":"https:\/\/agora.xtec.cat\/escolapablopicasso\/wp-json\/wp\/v2\/posts\/3997\/revisions\/3998"}],"wp:attachment":[{"href":"https:\/\/agora.xtec.cat\/escolapablopicasso\/wp-json\/wp\/v2\/media?parent=3997"}],"wp:term":[{"taxonomy":"category","embeddable":true,"href":"https:\/\/agora.xtec.cat\/escolapablopicasso\/wp-json\/wp\/v2\/categories?post=3997"},{"taxonomy":"post_tag","embeddable":true,"href":"https:\/\/agora.xtec.cat\/escolapablopicasso\/wp-json\/wp\/v2\/tags?post=3997"}],"curies":[{"name":"wp","href":"https:\/\/api.w.org\/{rel}","templated":true}]}}