{"id":3936,"date":"2018-03-14T10:18:43","date_gmt":"2018-03-14T09:18:43","guid":{"rendered":"http:\/\/agora.xtec.cat\/escolapablopicasso\/?p=3936"},"modified":"2018-03-14T10:18:43","modified_gmt":"2018-03-14T09:18:43","slug":"viatjazz-a-nova-orleans-cicle-inicial","status":"publish","type":"post","link":"https:\/\/agora.xtec.cat\/escolapablopicasso\/general\/viatjazz-a-nova-orleans-cicle-inicial\/","title":{"rendered":"Viatjazz a Nova Orleans- Cicle Inicial"},"content":{"rendered":"<p>El passat dimarts 13 de Mar\u00e7, els alumnes de primer i segon van gaudir de l&#8217;audici\u00f3 musical &#8220;Viatjazz a Nova Orleans&#8221; al TMC de Barber\u00e0 del Vall\u00e8s. L&#8217;activitat va ser\u00a0m\u00e9s que un simple concert de jazz dixieland, va ser un viatge explosiu i animat cap a Nova Orelans, i a la vegada, una experi\u00e8ncia pict\u00f2rica del graffiti.<\/p>\n<p><iframe loading=\"lazy\" src=\"\/\/www.youtube.com\/embed\/Sn6-iCwuhJs\" width=\"560\" height=\"314\" allowfullscreen=\"allowfullscreen\"><\/iframe><\/p>\n<p><iframe loading=\"lazy\" src=\"\/\/www.youtube.com\/embed\/DEabmtM5jew\" width=\"560\" height=\"314\" allowfullscreen=\"allowfullscreen\"><\/iframe><\/p>\n<p>&nbsp;<\/p>\n","protected":false},"excerpt":{"rendered":"<p>El passat dimarts 13 de Mar\u00e7, els alumnes de primer i segon van gaudir de l&#8217;audici\u00f3 musical &#8220;Viatjazz a Nova Orleans&#8221; al TMC de Barber\u00e0 del Vall\u00e8s. L&#8217;activitat va ser\u00a0m\u00e9s que un simple concert de jazz dixieland, va ser un viatge explosiu i animat cap&hellip;  <a href=\"https:\/\/agora.xtec.cat\/escolapablopicasso\/general\/viatjazz-a-nova-orleans-cicle-inicial\/\" title=\"Read Viatjazz a Nova Orleans- Cicle Inicial\">Llegeix m\u00e9s\u00bb<\/a><\/p>\n","protected":false},"author":5,"featured_media":0,"comment_status":"open","ping_status":"closed","sticky":false,"template":"","format":"standard","meta":{"_bbp_topic_count":0,"_bbp_reply_count":0,"_bbp_total_topic_count":0,"_bbp_total_reply_count":0,"_bbp_voice_count":0,"_bbp_anonymous_reply_count":0,"_bbp_topic_count_hidden":0,"_bbp_reply_count_hidden":0,"_bbp_forum_subforum_count":0,"footnotes":""},"categories":[10,11,1,24,4,30],"tags":[],"class_list":["post-3936","post","type-post","status-publish","format-standard","hentry","category-1r","category-2n","category-general","category-musica","category-portada","category-sortides"],"post_mailing_queue_ids":[],"_links":{"self":[{"href":"https:\/\/agora.xtec.cat\/escolapablopicasso\/wp-json\/wp\/v2\/posts\/3936","targetHints":{"allow":["GET"]}}],"collection":[{"href":"https:\/\/agora.xtec.cat\/escolapablopicasso\/wp-json\/wp\/v2\/posts"}],"about":[{"href":"https:\/\/agora.xtec.cat\/escolapablopicasso\/wp-json\/wp\/v2\/types\/post"}],"author":[{"embeddable":true,"href":"https:\/\/agora.xtec.cat\/escolapablopicasso\/wp-json\/wp\/v2\/users\/5"}],"replies":[{"embeddable":true,"href":"https:\/\/agora.xtec.cat\/escolapablopicasso\/wp-json\/wp\/v2\/comments?post=3936"}],"version-history":[{"count":1,"href":"https:\/\/agora.xtec.cat\/escolapablopicasso\/wp-json\/wp\/v2\/posts\/3936\/revisions"}],"predecessor-version":[{"id":3937,"href":"https:\/\/agora.xtec.cat\/escolapablopicasso\/wp-json\/wp\/v2\/posts\/3936\/revisions\/3937"}],"wp:attachment":[{"href":"https:\/\/agora.xtec.cat\/escolapablopicasso\/wp-json\/wp\/v2\/media?parent=3936"}],"wp:term":[{"taxonomy":"category","embeddable":true,"href":"https:\/\/agora.xtec.cat\/escolapablopicasso\/wp-json\/wp\/v2\/categories?post=3936"},{"taxonomy":"post_tag","embeddable":true,"href":"https:\/\/agora.xtec.cat\/escolapablopicasso\/wp-json\/wp\/v2\/tags?post=3936"}],"curies":[{"name":"wp","href":"https:\/\/api.w.org\/{rel}","templated":true}]}}