{"id":3925,"date":"2018-03-02T09:04:55","date_gmt":"2018-03-02T08:04:55","guid":{"rendered":"http:\/\/agora.xtec.cat\/escolapablopicasso\/?p=3925"},"modified":"2018-03-14T09:23:37","modified_gmt":"2018-03-14T08:23:37","slug":"can-fusteret-5e","status":"publish","type":"post","link":"https:\/\/agora.xtec.cat\/escolapablopicasso\/general\/can-fusteret-5e\/","title":{"rendered":"Can Fusteret 5\u00e8"},"content":{"rendered":"<p>Els i les alumnes de 5\u00e8 van anar a Can Fusteret per treballar el vidre. Aqu\u00ed podeu veure el proc\u00e9s i les seves creacions.<\/p>\n<p>5\u00e8A<\/p>\n<p><iframe loading=\"lazy\" title=\"Can Fusteret 5\u00e8A\" width=\"500\" height=\"281\" src=\"https:\/\/www.youtube.com\/embed\/94BopRdHUWg?feature=oembed\" frameborder=\"0\" allow=\"accelerometer; autoplay; clipboard-write; encrypted-media; gyroscope; picture-in-picture; web-share\" referrerpolicy=\"strict-origin-when-cross-origin\" allowfullscreen><\/iframe><\/p>\n<p>5\u00e8B<\/p>\n<p><iframe loading=\"lazy\" title=\"Can Fusteret 5\u00e8B\" width=\"500\" height=\"281\" src=\"https:\/\/www.youtube.com\/embed\/gpZqy2ig128?feature=oembed\" frameborder=\"0\" allow=\"accelerometer; autoplay; clipboard-write; encrypted-media; gyroscope; picture-in-picture; web-share\" referrerpolicy=\"strict-origin-when-cross-origin\" allowfullscreen><\/iframe><\/p>\n<p>I aqu\u00ed teniu dos v\u00eddeos de les activitats:<\/p>\n<p><iframe loading=\"lazy\" title=\"Can Fusteret 5\u00e8A 1\" width=\"500\" height=\"281\" src=\"https:\/\/www.youtube.com\/embed\/aV1dPHvXTi8?feature=oembed\" frameborder=\"0\" allow=\"accelerometer; autoplay; clipboard-write; encrypted-media; gyroscope; picture-in-picture; web-share\" referrerpolicy=\"strict-origin-when-cross-origin\" allowfullscreen><\/iframe><\/p>\n<p><iframe loading=\"lazy\" title=\"Can Fusteret 5\u00e8A 2\" width=\"500\" height=\"281\" src=\"https:\/\/www.youtube.com\/embed\/VIiRkU-uc40?feature=oembed\" frameborder=\"0\" allow=\"accelerometer; autoplay; clipboard-write; encrypted-media; gyroscope; picture-in-picture; web-share\" referrerpolicy=\"strict-origin-when-cross-origin\" allowfullscreen><\/iframe><\/p>\n","protected":false},"excerpt":{"rendered":"<p>Els i les alumnes de 5\u00e8 van anar a Can Fusteret per treballar el vidre. Aqu\u00ed podeu veure el proc\u00e9s i les seves creacions.<br \/>\n5\u00e8A<\/p>\n<p>5\u00e8B<\/p>\n<p>I aqu\u00ed teniu dos v\u00eddeos de les activitats:<\/p>\n","protected":false},"author":1,"featured_media":3926,"comment_status":"open","ping_status":"closed","sticky":false,"template":"","format":"standard","meta":{"_bbp_topic_count":0,"_bbp_reply_count":0,"_bbp_total_topic_count":0,"_bbp_total_reply_count":0,"_bbp_voice_count":0,"_bbp_anonymous_reply_count":0,"_bbp_topic_count_hidden":0,"_bbp_reply_count_hidden":0,"_bbp_forum_subforum_count":0,"footnotes":""},"categories":[14,1,4,5,30],"tags":[],"class_list":["post-3925","post","type-post","status-publish","format-standard","has-post-thumbnail","hentry","category-5e","category-general","category-portada","category-primaria","category-sortides"],"post_mailing_queue_ids":[],"_links":{"self":[{"href":"https:\/\/agora.xtec.cat\/escolapablopicasso\/wp-json\/wp\/v2\/posts\/3925","targetHints":{"allow":["GET"]}}],"collection":[{"href":"https:\/\/agora.xtec.cat\/escolapablopicasso\/wp-json\/wp\/v2\/posts"}],"about":[{"href":"https:\/\/agora.xtec.cat\/escolapablopicasso\/wp-json\/wp\/v2\/types\/post"}],"author":[{"embeddable":true,"href":"https:\/\/agora.xtec.cat\/escolapablopicasso\/wp-json\/wp\/v2\/users\/1"}],"replies":[{"embeddable":true,"href":"https:\/\/agora.xtec.cat\/escolapablopicasso\/wp-json\/wp\/v2\/comments?post=3925"}],"version-history":[{"count":1,"href":"https:\/\/agora.xtec.cat\/escolapablopicasso\/wp-json\/wp\/v2\/posts\/3925\/revisions"}],"predecessor-version":[{"id":3927,"href":"https:\/\/agora.xtec.cat\/escolapablopicasso\/wp-json\/wp\/v2\/posts\/3925\/revisions\/3927"}],"wp:featuredmedia":[{"embeddable":true,"href":"https:\/\/agora.xtec.cat\/escolapablopicasso\/wp-json\/wp\/v2\/media\/3926"}],"wp:attachment":[{"href":"https:\/\/agora.xtec.cat\/escolapablopicasso\/wp-json\/wp\/v2\/media?parent=3925"}],"wp:term":[{"taxonomy":"category","embeddable":true,"href":"https:\/\/agora.xtec.cat\/escolapablopicasso\/wp-json\/wp\/v2\/categories?post=3925"},{"taxonomy":"post_tag","embeddable":true,"href":"https:\/\/agora.xtec.cat\/escolapablopicasso\/wp-json\/wp\/v2\/tags?post=3925"}],"curies":[{"name":"wp","href":"https:\/\/api.w.org\/{rel}","templated":true}]}}