{"id":3894,"date":"2018-03-02T09:58:15","date_gmt":"2018-03-02T08:58:15","guid":{"rendered":"http:\/\/agora.xtec.cat\/escolapablopicasso\/?p=3894"},"modified":"2018-03-14T09:22:28","modified_gmt":"2018-03-14T08:22:28","slug":"exposicio-dones-artistes-17-18","status":"publish","type":"post","link":"https:\/\/agora.xtec.cat\/escolapablopicasso\/general\/exposicio-dones-artistes-17-18\/","title":{"rendered":"EXPOSICI\u00d3 DONES ARTISTES 17-18"},"content":{"rendered":"<p>Moltes vegades quan pensem en personatges famosos, ja siguin pintors, escultors, escriptors, cient\u00edfics&#8230; se\u2019ns venen a la ment personatges masculins. \u00c9s per aix\u00f2 que aquest any, des de l\u2019escola, hem volgut donar a con\u00e8ixer i reivindicar el paper de les dones a l\u2019art. A cada cicle hem escollit una artista femenina que ha fet hist\u00f2ria, tant per la seva vessant art\u00edstica com pel desafiament als convencionalismes de la seva \u00e8poca. Dues d&#8217;elles encara en actiu.<\/p>\n<ul>\n<li><strong>Cicle Infantil<\/strong>: Beatrix Potter<\/li>\n<li><strong>Cicle Inicial<\/strong>: Sanna Annukka<\/li>\n<li><strong>Cicle Mitj\u00e0<\/strong>: Yayoi Kusama<\/li>\n<li><strong>Cicle Superior<\/strong>: Frida Kahlo<\/li>\n<\/ul>\n<p>\u00c9s per aix\u00f2 que us convidem a visitar la nostra exposici\u00f3 en un dia tan significatiu com <strong>el dijous, 8 de mar\u00e7<\/strong>, dia Internacional de les dones, <strong>de les 12:30 a les 13:15h. <\/strong>o<strong> de les 16:30 a les 17:15h<\/strong>.<\/p>\n<p>No nom\u00e9s podreu visitar-la, sin\u00f3 que tamb\u00e9 podreu participar i col\u00b7laborar en l&#8217;exposici\u00f3 de la Yayoi Kusama, deixant part de la vostra pr\u00f2pia art, tal i com es va fer a Nova York, en l&#8217;exposici\u00f3 &#8220;The Obliteration room&#8221;.<\/p>\n<p>Aqu\u00ed teniu fotos de l&#8217;exposici\u00f3 i el tr\u00edptic:<\/p>\n<p><iframe loading=\"lazy\" title=\"Exposici\u00f3 dones artistes 17-18\" width=\"500\" height=\"281\" src=\"https:\/\/www.youtube.com\/embed\/UjREL_BbKr8?feature=oembed\" frameborder=\"0\" allow=\"accelerometer; autoplay; clipboard-write; encrypted-media; gyroscope; picture-in-picture; web-share\" referrerpolicy=\"strict-origin-when-cross-origin\" allowfullscreen><\/iframe><\/p>\n<p><a style=\"text-decoration: underline;\" title=\"View Triptic Exposici\u00f3 Artistes Femenines 17-18 on Scribd\" href=\"https:\/\/www.scribd.com\/document\/373193753\/Triptic-Exposicio-Artistes-Femenines-17-18#from_embed\">Triptic Exposici\u00f3 Artistes Femenines 17-18<\/a><\/p>\n<p><iframe loading=\"lazy\" id=\"doc_65774\" class=\"scribd_iframe_embed\" title=\"Triptic Exposici\u00f3 Artistes Femenines 17-18\" src=\"https:\/\/www.scribd.com\/embeds\/373193753\/content?start_page=1&amp;view_mode=scroll&amp;access_key=key-M0X827HDvFx3wunFvQJa&amp;show_recommendations=true\" width=\"400\" height=\"600\" frameborder=\"0\" scrolling=\"no\" data-auto-height=\"false\" data-aspect-ratio=\"1.414442700156986\"><\/iframe><\/p>\n","protected":false},"excerpt":{"rendered":"<p>Moltes vegades quan pensem en personatges famosos, ja siguin pintors, escultors, escriptors, cient\u00edfics&#8230; se\u2019ns venen a la ment personatges masculins. \u00c9s per aix\u00f2 que aquest any, des de l\u2019escola, hem volgut donar a con\u00e8ixer i reivindicar el paper de les dones a l\u2019art. A cada&hellip;  <a href=\"https:\/\/agora.xtec.cat\/escolapablopicasso\/general\/exposicio-dones-artistes-17-18\/\" title=\"Read EXPOSICI\u00d3 DONES ARTISTES 17-18\">Llegeix m\u00e9s\u00bb<\/a><\/p>\n","protected":false},"author":1,"featured_media":0,"comment_status":"open","ping_status":"closed","sticky":false,"template":"","format":"standard","meta":{"_bbp_topic_count":0,"_bbp_reply_count":0,"_bbp_total_topic_count":0,"_bbp_total_reply_count":0,"_bbp_voice_count":0,"_bbp_anonymous_reply_count":0,"_bbp_topic_count_hidden":0,"_bbp_reply_count_hidden":0,"_bbp_forum_subforum_count":0,"footnotes":""},"categories":[1,2,4,5],"tags":[],"class_list":["post-3894","post","type-post","status-publish","format-standard","hentry","category-general","category-infantil","category-portada","category-primaria"],"post_mailing_queue_ids":[],"_links":{"self":[{"href":"https:\/\/agora.xtec.cat\/escolapablopicasso\/wp-json\/wp\/v2\/posts\/3894","targetHints":{"allow":["GET"]}}],"collection":[{"href":"https:\/\/agora.xtec.cat\/escolapablopicasso\/wp-json\/wp\/v2\/posts"}],"about":[{"href":"https:\/\/agora.xtec.cat\/escolapablopicasso\/wp-json\/wp\/v2\/types\/post"}],"author":[{"embeddable":true,"href":"https:\/\/agora.xtec.cat\/escolapablopicasso\/wp-json\/wp\/v2\/users\/1"}],"replies":[{"embeddable":true,"href":"https:\/\/agora.xtec.cat\/escolapablopicasso\/wp-json\/wp\/v2\/comments?post=3894"}],"version-history":[{"count":3,"href":"https:\/\/agora.xtec.cat\/escolapablopicasso\/wp-json\/wp\/v2\/posts\/3894\/revisions"}],"predecessor-version":[{"id":3912,"href":"https:\/\/agora.xtec.cat\/escolapablopicasso\/wp-json\/wp\/v2\/posts\/3894\/revisions\/3912"}],"wp:attachment":[{"href":"https:\/\/agora.xtec.cat\/escolapablopicasso\/wp-json\/wp\/v2\/media?parent=3894"}],"wp:term":[{"taxonomy":"category","embeddable":true,"href":"https:\/\/agora.xtec.cat\/escolapablopicasso\/wp-json\/wp\/v2\/categories?post=3894"},{"taxonomy":"post_tag","embeddable":true,"href":"https:\/\/agora.xtec.cat\/escolapablopicasso\/wp-json\/wp\/v2\/tags?post=3894"}],"curies":[{"name":"wp","href":"https:\/\/api.w.org\/{rel}","templated":true}]}}