{"id":3856,"date":"2018-02-27T20:50:55","date_gmt":"2018-02-27T19:50:55","guid":{"rendered":"http:\/\/agora.xtec.cat\/escolapablopicasso\/?p=3856"},"modified":"2018-03-06T11:15:27","modified_gmt":"2018-03-06T10:15:27","slug":"comunicat-nevada","status":"publish","type":"post","link":"https:\/\/agora.xtec.cat\/escolapablopicasso\/general\/comunicat-nevada\/","title":{"rendered":"Comunicat nevada"},"content":{"rendered":"<p><img loading=\"lazy\" decoding=\"async\" class=\"alignright\" src=\"https:\/\/freeclipartimage.com\/\/storage\/upload\/snow-clip-art\/snow-clip-art-2.png\" width=\"139\" height=\"139\" \/>Segons les comunicacions rebudes des del Departament d&#8217;Ensenyament, les previsions meteorol\u00f2giques han empitjorat per dem\u00e0 dimecres, 28 de febrer. Per tant, Protecci\u00f3 Civil informa que\u00a0s&#8217;ha d&#8217;evitar al m\u00e0xim l&#8217;\u00fas de vehicles.<\/p>\n<p>Pel que fa als centres educatius,\u00a0han de romandre\u00a0oberts amb uns serveis m\u00ednims, per\u00f2 l&#8217;activitat no ser\u00e0 normalitzada.<\/p>\n<hr \/>\n<p>L&#8217;ESCOLA INFORMA que l&#8217;<strong>activitat escolar<\/strong> dependr\u00e0 de la situaci\u00f3 meteorol\u00f2gica i del nombre de mestres i alumnes que puguin arribar a l&#8217;escola.<\/p>\n<p>El <strong>servei de menjador<\/strong> tamb\u00e9 estar\u00e0 condicionat a aquesta situaci\u00f3.<\/p>\n<p>Les <strong>activitats extraescolars<\/strong> de dem\u00e0 dimecres queden suspeses.<\/p>\n<p>ANIREM INFORMANT A LES FAM\u00cdLIES DE POSSIBLES CANVIS DURANT EL DIA.<\/p>\n<p>S&#8217;AGRAEIX LA COL\u00b7LABORACI\u00d3!<\/p>\n","protected":false},"excerpt":{"rendered":"<p>Segons les comunicacions rebudes des del Departament d&#8217;Ensenyament, les previsions meteorol\u00f2giques han empitjorat per dem\u00e0 dimecres, 28 de febrer. Per tant, Protecci\u00f3 Civil informa que\u00a0s&#8217;ha d&#8217;evitar al m\u00e0xim l&#8217;\u00fas de vehicles.<br \/>\nPel que fa als centres educatius,\u00a0han de romandre\u00a0oberts amb uns serveis m\u00ednims, per\u00f2 l&#8217;activitat no&hellip;  <a href=\"https:\/\/agora.xtec.cat\/escolapablopicasso\/general\/comunicat-nevada\/\" title=\"Read Comunicat nevada\">Llegeix m\u00e9s\u00bb<\/a><\/p>\n","protected":false},"author":1,"featured_media":0,"comment_status":"open","ping_status":"closed","sticky":false,"template":"","format":"standard","meta":{"_bbp_topic_count":0,"_bbp_reply_count":0,"_bbp_total_topic_count":0,"_bbp_total_reply_count":0,"_bbp_voice_count":0,"_bbp_anonymous_reply_count":0,"_bbp_topic_count_hidden":0,"_bbp_reply_count_hidden":0,"_bbp_forum_subforum_count":0,"footnotes":""},"categories":[1,2,4,5],"tags":[],"class_list":["post-3856","post","type-post","status-publish","format-standard","hentry","category-general","category-infantil","category-portada","category-primaria"],"post_mailing_queue_ids":[],"_links":{"self":[{"href":"https:\/\/agora.xtec.cat\/escolapablopicasso\/wp-json\/wp\/v2\/posts\/3856","targetHints":{"allow":["GET"]}}],"collection":[{"href":"https:\/\/agora.xtec.cat\/escolapablopicasso\/wp-json\/wp\/v2\/posts"}],"about":[{"href":"https:\/\/agora.xtec.cat\/escolapablopicasso\/wp-json\/wp\/v2\/types\/post"}],"author":[{"embeddable":true,"href":"https:\/\/agora.xtec.cat\/escolapablopicasso\/wp-json\/wp\/v2\/users\/1"}],"replies":[{"embeddable":true,"href":"https:\/\/agora.xtec.cat\/escolapablopicasso\/wp-json\/wp\/v2\/comments?post=3856"}],"version-history":[{"count":2,"href":"https:\/\/agora.xtec.cat\/escolapablopicasso\/wp-json\/wp\/v2\/posts\/3856\/revisions"}],"predecessor-version":[{"id":3859,"href":"https:\/\/agora.xtec.cat\/escolapablopicasso\/wp-json\/wp\/v2\/posts\/3856\/revisions\/3859"}],"wp:attachment":[{"href":"https:\/\/agora.xtec.cat\/escolapablopicasso\/wp-json\/wp\/v2\/media?parent=3856"}],"wp:term":[{"taxonomy":"category","embeddable":true,"href":"https:\/\/agora.xtec.cat\/escolapablopicasso\/wp-json\/wp\/v2\/categories?post=3856"},{"taxonomy":"post_tag","embeddable":true,"href":"https:\/\/agora.xtec.cat\/escolapablopicasso\/wp-json\/wp\/v2\/tags?post=3856"}],"curies":[{"name":"wp","href":"https:\/\/api.w.org\/{rel}","templated":true}]}}