{"id":3820,"date":"2018-02-14T09:57:11","date_gmt":"2018-02-14T08:57:11","guid":{"rendered":"http:\/\/agora.xtec.cat\/escolapablopicasso\/?p=3820"},"modified":"2018-07-02T17:45:19","modified_gmt":"2018-07-02T15:45:19","slug":"preinscripcio-i-matricula-curs-2018-2019","status":"publish","type":"post","link":"https:\/\/agora.xtec.cat\/escolapablopicasso\/general\/preinscripcio-i-matricula-curs-2018-2019\/","title":{"rendered":"PREINSCRIPCI\u00d3 I MATR\u00cdCULA CURS 2018-2019"},"content":{"rendered":"<p><img loading=\"lazy\" decoding=\"async\" class=\"size-large aligncenter\" src=\"http:\/\/blocs.xtec.cat\/auroescola\/files\/2015\/01\/preinscripcio.jpg\" width=\"494\" height=\"100\" \/><\/p>\n<p>Aqu\u00ed podreu trobar m\u00e9s informaci\u00f3 sobre el <a href=\"http:\/\/queestudiar.gencat.cat\/ca\/preinscripcio\/estudis\/obligatoris\/\">proc\u00e9s de preinscripci\u00f3 del proper curs escolar 18-19<\/a>.<\/p>\n<div class=\"FW_sPregunta FW_sImpacte\">\n<table>\n<tbody>\n<tr>\n<td>Oferta de places escolars<\/td>\n<td>9 d\u2019abril<\/td>\n<\/tr>\n<tr>\n<td><strong>Presentaci\u00f3 de sol\u00b7licituds\u00a0<\/strong><\/p>\n<p><em><strong><a href=\"https:\/\/www.scribd.com\/document\/376276478\/Sol-licitud-preinscripcio-escolar-18-19\">Sol\u00b7licitud\u00a0<\/a>de preinscripci\u00f3 18-19<\/strong><\/em><\/p>\n<p><a href=\"http:\/\/queestudiar.gencat.cat\/ca\/preinscripcio\/estudis\/obligatoris\/calendari\/\">Calendari<\/a><\/p>\n<p><a href=\"http:\/\/queestudiar.gencat.cat\/ca\/preinscripcio\/estudis\/obligatoris\/documentacio\/\">Documentaci\u00f3\u00a0i criteris de prioritat<\/a><\/td>\n<td><strong>Del\u00a013\u00a0al 24 d\u2019abril<\/strong><\/td>\n<\/tr>\n<tr>\n<td>Publicaci\u00f3 de les llistes amb el barem provisional<\/td>\n<td>3 de maig<\/td>\n<\/tr>\n<tr>\n<td>Presentaci\u00f3 de reclamacions<\/td>\n<td>Del\u00a04 al 8 de maig<\/td>\n<\/tr>\n<tr>\n<td>Sorteig (Departament d\u2019Ensenyament)<\/td>\n<td>11 de maig<\/td>\n<\/tr>\n<tr>\n<td>Publicaci\u00f3 de les llistes definitives<\/td>\n<td>15 maig<\/td>\n<\/tr>\n<tr>\n<td>Publicaci\u00f3 de l\u2019oferta definitiva<\/td>\n<td>11 juny<\/td>\n<\/tr>\n<tr>\n<td>Publicaci\u00f3 de les llistes d\u2019admesos<\/td>\n<td>12 juny<\/td>\n<\/tr>\n<tr>\n<td>Per\u00edode de matriculaci\u00f3<\/td>\n<td>Del<strong>\u00a021 al 27 de juny<\/strong><\/td>\n<\/tr>\n<\/tbody>\n<\/table>\n<\/div>\n","protected":false},"excerpt":{"rendered":"<p>Aqu\u00ed podreu trobar m\u00e9s informaci\u00f3 sobre el <a href=\"http:\/\/queestudiar.gencat.cat\/ca\/preinscripcio\/estudis\/obligatoris\/\">proc\u00e9s de preinscripci\u00f3 del proper curs escolar 18-19<\/a>.<\/p>\n<p>Oferta de places escolars<br \/>\n9 d\u2019abril<\/p>\n<p>Presentaci\u00f3 de sol\u00b7licituds\u00a0<br \/>\n<a href=\"https:\/\/www.scribd.com\/document\/376276478\/Sol-licitud-preinscripcio-escolar-18-19\">Sol\u00b7licitud\u00a0<\/a>de preinscripci\u00f3 18-19<br \/>\n<a href=\"http:\/\/queestudiar.gencat.cat\/ca\/preinscripcio\/estudis\/obligatoris\/calendari\/\">Calendari<\/a><br \/>\n<a href=\"http:\/\/queestudiar.gencat.cat\/ca\/preinscripcio\/estudis\/obligatoris\/documentacio\/\">Documentaci\u00f3\u00a0i criteris de prioritat<\/a><br \/>\nDel\u00a013\u00a0al 24 d\u2019abril<\/p>\n<p>Publicaci\u00f3 de les llistes amb el barem provisional<br \/>\n3 de maig<\/p>\n<p>Presentaci\u00f3 de reclamacions<br \/>\nDel\u00a04 al 8&hellip;  <a href=\"https:\/\/agora.xtec.cat\/escolapablopicasso\/general\/preinscripcio-i-matricula-curs-2018-2019\/\" title=\"Read PREINSCRIPCI\u00d3 I MATR\u00cdCULA CURS 2018-2019\">Llegeix m\u00e9s\u00bb<\/a><\/p>\n","protected":false},"author":1,"featured_media":3822,"comment_status":"open","ping_status":"closed","sticky":false,"template":"","format":"standard","meta":{"_bbp_topic_count":0,"_bbp_reply_count":0,"_bbp_total_topic_count":0,"_bbp_total_reply_count":0,"_bbp_voice_count":0,"_bbp_anonymous_reply_count":0,"_bbp_topic_count_hidden":0,"_bbp_reply_count_hidden":0,"_bbp_forum_subforum_count":0,"footnotes":""},"categories":[1,2,4],"tags":[],"class_list":["post-3820","post","type-post","status-publish","format-standard","has-post-thumbnail","hentry","category-general","category-infantil","category-portada"],"post_mailing_queue_ids":[],"_links":{"self":[{"href":"https:\/\/agora.xtec.cat\/escolapablopicasso\/wp-json\/wp\/v2\/posts\/3820","targetHints":{"allow":["GET"]}}],"collection":[{"href":"https:\/\/agora.xtec.cat\/escolapablopicasso\/wp-json\/wp\/v2\/posts"}],"about":[{"href":"https:\/\/agora.xtec.cat\/escolapablopicasso\/wp-json\/wp\/v2\/types\/post"}],"author":[{"embeddable":true,"href":"https:\/\/agora.xtec.cat\/escolapablopicasso\/wp-json\/wp\/v2\/users\/1"}],"replies":[{"embeddable":true,"href":"https:\/\/agora.xtec.cat\/escolapablopicasso\/wp-json\/wp\/v2\/comments?post=3820"}],"version-history":[{"count":3,"href":"https:\/\/agora.xtec.cat\/escolapablopicasso\/wp-json\/wp\/v2\/posts\/3820\/revisions"}],"predecessor-version":[{"id":3993,"href":"https:\/\/agora.xtec.cat\/escolapablopicasso\/wp-json\/wp\/v2\/posts\/3820\/revisions\/3993"}],"wp:featuredmedia":[{"embeddable":true,"href":"https:\/\/agora.xtec.cat\/escolapablopicasso\/wp-json\/wp\/v2\/media\/3822"}],"wp:attachment":[{"href":"https:\/\/agora.xtec.cat\/escolapablopicasso\/wp-json\/wp\/v2\/media?parent=3820"}],"wp:term":[{"taxonomy":"category","embeddable":true,"href":"https:\/\/agora.xtec.cat\/escolapablopicasso\/wp-json\/wp\/v2\/categories?post=3820"},{"taxonomy":"post_tag","embeddable":true,"href":"https:\/\/agora.xtec.cat\/escolapablopicasso\/wp-json\/wp\/v2\/tags?post=3820"}],"curies":[{"name":"wp","href":"https:\/\/api.w.org\/{rel}","templated":true}]}}