{"id":3606,"date":"2017-12-14T09:00:38","date_gmt":"2017-12-14T08:00:38","guid":{"rendered":"http:\/\/agora.xtec.cat\/escolapablopicasso\/?p=3606"},"modified":"2017-11-29T10:13:05","modified_gmt":"2017-11-29T09:13:05","slug":"21d-eleccions-al-parlament","status":"publish","type":"post","link":"https:\/\/agora.xtec.cat\/escolapablopicasso\/general\/21d-eleccions-al-parlament\/","title":{"rendered":"21D &#8211; Eleccions al Parlament"},"content":{"rendered":"<p>Com ja sabeu, el <strong>dijous 21 de desembre<\/strong> s\u00f3n les Eleccions al Parlament de Catalunya i s&#8217;ha declarat <strong>dia no lectiu<\/strong>.<\/p>\n<p>\u00c9s per aix\u00f2 que l&#8217;escola romandr\u00e0 tancada i no hi haur\u00e0 classes durant tot el dia.<\/p>\n<p>Ens veiem el divendres 22 de desembre, \u00faltim dia del trimestre, en horari intensiu de 9 a 13h.<\/p>\n<p>Moltes gr\u00e0cies!<\/p>\n<p><img loading=\"lazy\" decoding=\"async\" class=\"alignnone \" src=\"https:\/\/www.santcugat.cat\/files\/10955-9956-imatge\/eleccions-21D-1024x768.jpg\" width=\"443\" height=\"333\" \/><\/p>\n","protected":false},"excerpt":{"rendered":"<p>Com ja sabeu, el dijous 21 de desembre s\u00f3n les Eleccions al Parlament de Catalunya i s&#8217;ha declarat dia no lectiu.<br \/>\n\u00c9s per aix\u00f2 que l&#8217;escola romandr\u00e0 tancada i no hi haur\u00e0 classes durant tot el dia.<br \/>\nEns veiem el divendres 22 de desembre, \u00faltim dia del&hellip;  <a href=\"https:\/\/agora.xtec.cat\/escolapablopicasso\/general\/21d-eleccions-al-parlament\/\" title=\"Read 21D &#8211; Eleccions al Parlament\">Llegeix m\u00e9s\u00bb<\/a><\/p>\n","protected":false},"author":1,"featured_media":0,"comment_status":"open","ping_status":"closed","sticky":false,"template":"","format":"standard","meta":{"_bbp_topic_count":0,"_bbp_reply_count":0,"_bbp_total_topic_count":0,"_bbp_total_reply_count":0,"_bbp_voice_count":0,"_bbp_anonymous_reply_count":0,"_bbp_topic_count_hidden":0,"_bbp_reply_count_hidden":0,"_bbp_forum_subforum_count":0,"footnotes":""},"categories":[1,4],"tags":[],"class_list":["post-3606","post","type-post","status-publish","format-standard","hentry","category-general","category-portada"],"post_mailing_queue_ids":[],"_links":{"self":[{"href":"https:\/\/agora.xtec.cat\/escolapablopicasso\/wp-json\/wp\/v2\/posts\/3606","targetHints":{"allow":["GET"]}}],"collection":[{"href":"https:\/\/agora.xtec.cat\/escolapablopicasso\/wp-json\/wp\/v2\/posts"}],"about":[{"href":"https:\/\/agora.xtec.cat\/escolapablopicasso\/wp-json\/wp\/v2\/types\/post"}],"author":[{"embeddable":true,"href":"https:\/\/agora.xtec.cat\/escolapablopicasso\/wp-json\/wp\/v2\/users\/1"}],"replies":[{"embeddable":true,"href":"https:\/\/agora.xtec.cat\/escolapablopicasso\/wp-json\/wp\/v2\/comments?post=3606"}],"version-history":[{"count":1,"href":"https:\/\/agora.xtec.cat\/escolapablopicasso\/wp-json\/wp\/v2\/posts\/3606\/revisions"}],"predecessor-version":[{"id":3607,"href":"https:\/\/agora.xtec.cat\/escolapablopicasso\/wp-json\/wp\/v2\/posts\/3606\/revisions\/3607"}],"wp:attachment":[{"href":"https:\/\/agora.xtec.cat\/escolapablopicasso\/wp-json\/wp\/v2\/media?parent=3606"}],"wp:term":[{"taxonomy":"category","embeddable":true,"href":"https:\/\/agora.xtec.cat\/escolapablopicasso\/wp-json\/wp\/v2\/categories?post=3606"},{"taxonomy":"post_tag","embeddable":true,"href":"https:\/\/agora.xtec.cat\/escolapablopicasso\/wp-json\/wp\/v2\/tags?post=3606"}],"curies":[{"name":"wp","href":"https:\/\/api.w.org\/{rel}","templated":true}]}}