{"id":3508,"date":"2017-10-31T11:08:13","date_gmt":"2017-10-31T10:08:13","guid":{"rendered":"http:\/\/agora.xtec.cat\/escolapablopicasso\/?p=3508"},"modified":"2017-10-31T11:39:57","modified_gmt":"2017-10-31T10:39:57","slug":"exposicio-de-tardor","status":"publish","type":"post","link":"https:\/\/agora.xtec.cat\/escolapablopicasso\/general\/exposicio-de-tardor\/","title":{"rendered":"EXPOSICI\u00d3 DE TARDOR"},"content":{"rendered":"<p>Aquest\u00a0dilluns 30 i dimarts 31 d&#8217;octubre hem obert les portes de l&#8217;escola a les fam\u00edlies per veure la decoraci\u00f3 i exposici\u00f3 de la tardor i de Halloween.<\/p>\n<p>Com podeu veure, els i les alumnes han treballat molt de valent fent unes decoracions ben boniques i originals. Tamb\u00e9 han fet panallets, menjat fruits de la tardor i activitats conjuntes.<\/p>\n<p>Us volem agrair a totes les fam\u00edlies per participar en el gran mural que s&#8217;ha fet al vest\u00edbul amb totes les capses que heu portat. Ha quedat molt bonic! Per cert, heu trobat la paraula &#8220;tardor&#8221; amagada a les capses?<\/p>\n<p><iframe loading=\"lazy\" title=\"Exposici\u00f3 de la tardor 2017\" width=\"500\" height=\"281\" src=\"https:\/\/www.youtube.com\/embed\/bFkqe3bUibM?feature=oembed\" frameborder=\"0\" allow=\"accelerometer; autoplay; clipboard-write; encrypted-media; gyroscope; picture-in-picture; web-share\" referrerpolicy=\"strict-origin-when-cross-origin\" allowfullscreen><\/iframe><\/p>\n<p>Si voleu descobrir m\u00e9s sobre aquesta \u00e8poca de l&#8217;any, trobar receptes de panallets, jugar a jocs de Halloween i sobre la tardor&#8230; i molt m\u00e9s, v\u00e9s a la <a href=\"http:\/\/www.edu365.cat\/castanyada\/index.htm\">p\u00e0gina edu365<\/a>!<\/p>\n<p><a href=\"http:\/\/www.edu365.cat\/castanyada\/index.htm\"><img loading=\"lazy\" decoding=\"async\" class=\"alignnone size-large\" src=\"http:\/\/www.edu365.cat\/castanyada\/imatges\/2009\/castanyadaedu.jpg\" width=\"380\" height=\"75\" \/><\/a><\/p>\n","protected":false},"excerpt":{"rendered":"<p>Aquest\u00a0dilluns 30 i dimarts 31 d&#8217;octubre hem obert les portes de l&#8217;escola a les fam\u00edlies per veure la decoraci\u00f3 i exposici\u00f3 de la tardor i de Halloween.<br \/>\nCom podeu veure, els i les alumnes han treballat molt de valent fent unes decoracions ben boniques i originals.&hellip;  <a href=\"https:\/\/agora.xtec.cat\/escolapablopicasso\/general\/exposicio-de-tardor\/\" title=\"Read EXPOSICI\u00d3 DE TARDOR\">Llegeix m\u00e9s\u00bb<\/a><\/p>\n","protected":false},"author":1,"featured_media":3509,"comment_status":"open","ping_status":"closed","sticky":false,"template":"","format":"standard","meta":{"_bbp_topic_count":0,"_bbp_reply_count":0,"_bbp_total_topic_count":0,"_bbp_total_reply_count":0,"_bbp_voice_count":0,"_bbp_anonymous_reply_count":0,"_bbp_topic_count_hidden":0,"_bbp_reply_count_hidden":0,"_bbp_forum_subforum_count":0,"footnotes":""},"categories":[22,23,1,4],"tags":[],"class_list":["post-3508","post","type-post","status-publish","format-standard","has-post-thumbnail","hentry","category-angles","category-nadal","category-general","category-portada"],"post_mailing_queue_ids":[],"_links":{"self":[{"href":"https:\/\/agora.xtec.cat\/escolapablopicasso\/wp-json\/wp\/v2\/posts\/3508","targetHints":{"allow":["GET"]}}],"collection":[{"href":"https:\/\/agora.xtec.cat\/escolapablopicasso\/wp-json\/wp\/v2\/posts"}],"about":[{"href":"https:\/\/agora.xtec.cat\/escolapablopicasso\/wp-json\/wp\/v2\/types\/post"}],"author":[{"embeddable":true,"href":"https:\/\/agora.xtec.cat\/escolapablopicasso\/wp-json\/wp\/v2\/users\/1"}],"replies":[{"embeddable":true,"href":"https:\/\/agora.xtec.cat\/escolapablopicasso\/wp-json\/wp\/v2\/comments?post=3508"}],"version-history":[{"count":2,"href":"https:\/\/agora.xtec.cat\/escolapablopicasso\/wp-json\/wp\/v2\/posts\/3508\/revisions"}],"predecessor-version":[{"id":3516,"href":"https:\/\/agora.xtec.cat\/escolapablopicasso\/wp-json\/wp\/v2\/posts\/3508\/revisions\/3516"}],"wp:featuredmedia":[{"embeddable":true,"href":"https:\/\/agora.xtec.cat\/escolapablopicasso\/wp-json\/wp\/v2\/media\/3509"}],"wp:attachment":[{"href":"https:\/\/agora.xtec.cat\/escolapablopicasso\/wp-json\/wp\/v2\/media?parent=3508"}],"wp:term":[{"taxonomy":"category","embeddable":true,"href":"https:\/\/agora.xtec.cat\/escolapablopicasso\/wp-json\/wp\/v2\/categories?post=3508"},{"taxonomy":"post_tag","embeddable":true,"href":"https:\/\/agora.xtec.cat\/escolapablopicasso\/wp-json\/wp\/v2\/tags?post=3508"}],"curies":[{"name":"wp","href":"https:\/\/api.w.org\/{rel}","templated":true}]}}