{"id":3500,"date":"2017-10-20T16:24:02","date_gmt":"2017-10-20T14:24:02","guid":{"rendered":"http:\/\/agora.xtec.cat\/escolapablopicasso\/?p=3500"},"modified":"2017-10-25T23:01:45","modified_gmt":"2017-10-25T21:01:45","slug":"exposicio-de-la-tardor-2017","status":"publish","type":"post","link":"https:\/\/agora.xtec.cat\/escolapablopicasso\/general\/exposicio-de-la-tardor-2017\/","title":{"rendered":"EXPOSICI\u00d3 DE LA TARDOR 2017"},"content":{"rendered":"<p>Us convidem a visitar l\u2019exposici\u00f3 de la tardor que han fet els nostres alumnes.<\/p>\n<p>Estaran exposats al vest\u00edbul de l\u2019escola i als passadissos de la 1a, 2a planta i a l\u2019aula d\u2019angl\u00e8s. L\u2019entrada a l\u2019exposici\u00f3 es far\u00e0 per la porta del vest\u00edbul de secretaria i es pujar\u00e0 per l\u2019escala del costat del menjador per tal d\u2019evitar aglomeracions.<\/p>\n<p>Aquest curs per tal que puguin assistir totes les fam\u00edlies, podreu venir dos dies: un a la tarda i un altre al migdia. L\u2019horari \u00e9s el seg\u00fcent:<\/p>\n<ul>\n<li><strong>el dilluns, dia 30 d\u2019octubre de 16:35h a 17:30h<\/strong><\/li>\n<li><strong>el dimarts, dia 31 d\u2019octubre de 12:35 a 13:30h<\/strong><\/li>\n<\/ul>\n<p><strong><img loading=\"lazy\" decoding=\"async\" class=\"alignnone \" src=\"http:\/\/blocs.xtec.cat\/ceelesaiguesinfantil\/files\/2013\/10\/FADA-DE-LA-TARDOR1.jpg\" width=\"311\" height=\"339\" \/><\/strong><\/p>\n","protected":false},"excerpt":{"rendered":"<p>Us convidem a visitar l\u2019exposici\u00f3 de la tardor que han fet els nostres alumnes.<br \/>\nEstaran exposats al vest\u00edbul de l\u2019escola i als passadissos de la 1a, 2a planta i a l\u2019aula d\u2019angl\u00e8s. L\u2019entrada a l\u2019exposici\u00f3 es far\u00e0 per la porta del vest\u00edbul de secretaria i es&hellip;  <a href=\"https:\/\/agora.xtec.cat\/escolapablopicasso\/general\/exposicio-de-la-tardor-2017\/\" title=\"Read EXPOSICI\u00d3 DE LA TARDOR 2017\">Llegeix m\u00e9s\u00bb<\/a><\/p>\n","protected":false},"author":1,"featured_media":0,"comment_status":"open","ping_status":"closed","sticky":false,"template":"","format":"standard","meta":{"_bbp_topic_count":0,"_bbp_reply_count":0,"_bbp_total_topic_count":0,"_bbp_total_reply_count":0,"_bbp_voice_count":0,"_bbp_anonymous_reply_count":0,"_bbp_topic_count_hidden":0,"_bbp_reply_count_hidden":0,"_bbp_forum_subforum_count":0,"footnotes":""},"categories":[1,4],"tags":[],"class_list":["post-3500","post","type-post","status-publish","format-standard","hentry","category-general","category-portada"],"post_mailing_queue_ids":[],"_links":{"self":[{"href":"https:\/\/agora.xtec.cat\/escolapablopicasso\/wp-json\/wp\/v2\/posts\/3500","targetHints":{"allow":["GET"]}}],"collection":[{"href":"https:\/\/agora.xtec.cat\/escolapablopicasso\/wp-json\/wp\/v2\/posts"}],"about":[{"href":"https:\/\/agora.xtec.cat\/escolapablopicasso\/wp-json\/wp\/v2\/types\/post"}],"author":[{"embeddable":true,"href":"https:\/\/agora.xtec.cat\/escolapablopicasso\/wp-json\/wp\/v2\/users\/1"}],"replies":[{"embeddable":true,"href":"https:\/\/agora.xtec.cat\/escolapablopicasso\/wp-json\/wp\/v2\/comments?post=3500"}],"version-history":[{"count":2,"href":"https:\/\/agora.xtec.cat\/escolapablopicasso\/wp-json\/wp\/v2\/posts\/3500\/revisions"}],"predecessor-version":[{"id":3505,"href":"https:\/\/agora.xtec.cat\/escolapablopicasso\/wp-json\/wp\/v2\/posts\/3500\/revisions\/3505"}],"wp:attachment":[{"href":"https:\/\/agora.xtec.cat\/escolapablopicasso\/wp-json\/wp\/v2\/media?parent=3500"}],"wp:term":[{"taxonomy":"category","embeddable":true,"href":"https:\/\/agora.xtec.cat\/escolapablopicasso\/wp-json\/wp\/v2\/categories?post=3500"},{"taxonomy":"post_tag","embeddable":true,"href":"https:\/\/agora.xtec.cat\/escolapablopicasso\/wp-json\/wp\/v2\/tags?post=3500"}],"curies":[{"name":"wp","href":"https:\/\/api.w.org\/{rel}","templated":true}]}}