{"id":347,"date":"2014-03-14T14:54:57","date_gmt":"2014-03-14T13:54:57","guid":{"rendered":"http:\/\/blocs.xtec.cat\/pablopicassociclesuperior\/?p=169"},"modified":"2015-11-05T00:21:02","modified_gmt":"2015-11-04T23:21:02","slug":"jornades-atletiques-2014-2","status":"publish","type":"post","link":"https:\/\/agora.xtec.cat\/escolapablopicasso\/general\/jornades-atletiques-2014-2\/","title":{"rendered":"Jornades atl\u00e8tiques 2014!"},"content":{"rendered":"<p>Com cada any, els\/les alumnes de 6\u00e8 de totes les escoles de Barber\u00e0 fan les Jornades atl\u00e8tiques al poliesportiu Can Llobet durant tot el mat\u00ed.<\/p>\n<p><a href=\"http:\/\/blocs.xtec.cat\/escolapablopicasso\/files\/2014\/03\/IMG_0572.jpg\"><img loading=\"lazy\" decoding=\"async\" class=\"size-medium wp-image-182 aligncenter\" src=\"http:\/\/blocs.xtec.cat\/escolapablopicasso\/files\/2014\/03\/IMG_0572-300x171.jpg\" alt=\"IMG_0572\" width=\"300\" height=\"171\" \/><\/a><\/p>\n<p>Aqu\u00ed teniu les fotos dels nostres alumnes de 6\u00e8! Estan fets tots\/es uns\/es campions\/es!!!<\/p>\n<p><embed width=\"600\" height=\"400\" type=\"application\/x-shockwave-flash\" src=\"https:\/\/photos.gstatic.com\/media\/slideshow.swf\" flashvars=\"host=picasaweb.google.com&amp;hl=es&amp;feat=flashalbum&amp;RGB=0x000000&amp;feed=https%3A%2F%2Fpicasaweb.google.com%2Fdata%2Ffeed%2Fapi%2Fuser%2F113881989848520081546%2Falbumid%2F5990656946905724689%3Falt%3Drss%26kind%3Dphoto%26authkey%3DGv1sRgCNjT-9PbhvzjQQ%26hl%3Des\" pluginspage=\"http:\/\/www.macromedia.com\/go\/getflashplayer\"><\/embed><\/p>\n<p>I tamb\u00e9 un v\u00eddeo:<\/p>\n<p><a href=\"https:\/\/drive.google.com\/file\/d\/0B9wonk8D2twlcy13MGtlRG1SQXM\/edit?usp=sharing\" target=\"_blank\"><img loading=\"lazy\" decoding=\"async\" class=\"alignnone size-full wp-image-106\" src=\"http:\/\/blocs.xtec.cat\/escolapablopicasso\/files\/2014\/02\/video-icon-e1393199603630.png\" alt=\"video-icon\" width=\"204\" height=\"158\" \/><\/a><\/p>\n","protected":false},"excerpt":{"rendered":"<p>Com cada any, els\/les alumnes de 6\u00e8 de totes les escoles de Barber\u00e0 fan les Jornades atl\u00e8tiques al poliesportiu Can Llobet durant tot el mat\u00ed.<br \/>\n<a href=\"http:\/\/blocs.xtec.cat\/escolapablopicasso\/files\/2014\/03\/IMG_0572.jpg\"><\/a><br \/>\nAqu\u00ed teniu les fotos dels nostres alumnes de 6\u00e8! Estan fets tots\/es uns\/es campions\/es!!!<\/p>\n<p>I tamb\u00e9 un v\u00eddeo:<br \/>\n<a href=\"https:\/\/drive.google.com\/file\/d\/0B9wonk8D2twlcy13MGtlRG1SQXM\/edit?usp=sharing\" target=\"_blank\"><\/a><\/p>\n","protected":false},"author":3,"featured_media":0,"comment_status":"open","ping_status":"open","sticky":false,"template":"","format":"standard","meta":{"_bbp_topic_count":0,"_bbp_reply_count":0,"_bbp_total_topic_count":0,"_bbp_total_reply_count":0,"_bbp_voice_count":0,"_bbp_anonymous_reply_count":0,"_bbp_topic_count_hidden":0,"_bbp_reply_count_hidden":0,"_bbp_forum_subforum_count":0,"footnotes":""},"categories":[15,27,23,1],"tags":[],"class_list":["post-347","post","type-post","status-publish","format-standard","hentry","category-6e","category-ed-fisica","category-nadal","category-general"],"post_mailing_queue_ids":[],"_links":{"self":[{"href":"https:\/\/agora.xtec.cat\/escolapablopicasso\/wp-json\/wp\/v2\/posts\/347","targetHints":{"allow":["GET"]}}],"collection":[{"href":"https:\/\/agora.xtec.cat\/escolapablopicasso\/wp-json\/wp\/v2\/posts"}],"about":[{"href":"https:\/\/agora.xtec.cat\/escolapablopicasso\/wp-json\/wp\/v2\/types\/post"}],"author":[{"embeddable":true,"href":"https:\/\/agora.xtec.cat\/escolapablopicasso\/wp-json\/wp\/v2\/users\/3"}],"replies":[{"embeddable":true,"href":"https:\/\/agora.xtec.cat\/escolapablopicasso\/wp-json\/wp\/v2\/comments?post=347"}],"version-history":[{"count":1,"href":"https:\/\/agora.xtec.cat\/escolapablopicasso\/wp-json\/wp\/v2\/posts\/347\/revisions"}],"predecessor-version":[{"id":1697,"href":"https:\/\/agora.xtec.cat\/escolapablopicasso\/wp-json\/wp\/v2\/posts\/347\/revisions\/1697"}],"wp:attachment":[{"href":"https:\/\/agora.xtec.cat\/escolapablopicasso\/wp-json\/wp\/v2\/media?parent=347"}],"wp:term":[{"taxonomy":"category","embeddable":true,"href":"https:\/\/agora.xtec.cat\/escolapablopicasso\/wp-json\/wp\/v2\/categories?post=347"},{"taxonomy":"post_tag","embeddable":true,"href":"https:\/\/agora.xtec.cat\/escolapablopicasso\/wp-json\/wp\/v2\/tags?post=347"}],"curies":[{"name":"wp","href":"https:\/\/api.w.org\/{rel}","templated":true}]}}