{"id":3343,"date":"2017-06-08T13:31:50","date_gmt":"2017-06-08T11:31:50","guid":{"rendered":"http:\/\/agora.xtec.cat\/escolapablopicasso\/?p=3343"},"modified":"2017-06-15T13:34:28","modified_gmt":"2017-06-15T11:34:28","slug":"edicio-28-de-les-noticies-del-picasso","status":"publish","type":"post","link":"https:\/\/agora.xtec.cat\/escolapablopicasso\/general\/edicio-28-de-les-noticies-del-picasso\/","title":{"rendered":"Edici\u00f3 28 de &#8220;Les not\u00edcies del Picasso&#8221;"},"content":{"rendered":"<p>Aqu\u00ed teniu les not\u00edcies de juny!<\/p>\n<p>Degut a un problema amb la web, per veure el contingut haureu de clicar aqui:<\/p>\n<p><a href=\"https:\/\/www.scribd.com\/document\/351360644\/Les-Noticies-Del-Picasso\">https:\/\/www.scribd.com\/document\/351360644\/Les-Noticies-Del-Picasso<\/a><\/p>\n<p>&nbsp;<\/p>\n","protected":false},"excerpt":{"rendered":"<p>Aqu\u00ed teniu les not\u00edcies de juny!<br \/>\nDegut a un problema amb la web, per veure el contingut haureu de clicar aqui:<br \/>\n<a href=\"https:\/\/www.scribd.com\/document\/351360644\/Les-Noticies-Del-Picasso\">https:\/\/www.scribd.com\/document\/351360644\/Les-Noticies-Del-Picasso<\/a><br \/>\n&nbsp;<\/p>\n","protected":false},"author":4,"featured_media":0,"comment_status":"open","ping_status":"closed","sticky":false,"template":"","format":"standard","meta":{"_bbp_topic_count":0,"_bbp_reply_count":0,"_bbp_total_topic_count":0,"_bbp_total_reply_count":0,"_bbp_voice_count":0,"_bbp_anonymous_reply_count":0,"_bbp_topic_count_hidden":0,"_bbp_reply_count_hidden":0,"_bbp_forum_subforum_count":0,"footnotes":""},"categories":[1,4],"tags":[],"class_list":["post-3343","post","type-post","status-publish","format-standard","hentry","category-general","category-portada"],"post_mailing_queue_ids":[],"_links":{"self":[{"href":"https:\/\/agora.xtec.cat\/escolapablopicasso\/wp-json\/wp\/v2\/posts\/3343","targetHints":{"allow":["GET"]}}],"collection":[{"href":"https:\/\/agora.xtec.cat\/escolapablopicasso\/wp-json\/wp\/v2\/posts"}],"about":[{"href":"https:\/\/agora.xtec.cat\/escolapablopicasso\/wp-json\/wp\/v2\/types\/post"}],"author":[{"embeddable":true,"href":"https:\/\/agora.xtec.cat\/escolapablopicasso\/wp-json\/wp\/v2\/users\/4"}],"replies":[{"embeddable":true,"href":"https:\/\/agora.xtec.cat\/escolapablopicasso\/wp-json\/wp\/v2\/comments?post=3343"}],"version-history":[{"count":1,"href":"https:\/\/agora.xtec.cat\/escolapablopicasso\/wp-json\/wp\/v2\/posts\/3343\/revisions"}],"predecessor-version":[{"id":3344,"href":"https:\/\/agora.xtec.cat\/escolapablopicasso\/wp-json\/wp\/v2\/posts\/3343\/revisions\/3344"}],"wp:attachment":[{"href":"https:\/\/agora.xtec.cat\/escolapablopicasso\/wp-json\/wp\/v2\/media?parent=3343"}],"wp:term":[{"taxonomy":"category","embeddable":true,"href":"https:\/\/agora.xtec.cat\/escolapablopicasso\/wp-json\/wp\/v2\/categories?post=3343"},{"taxonomy":"post_tag","embeddable":true,"href":"https:\/\/agora.xtec.cat\/escolapablopicasso\/wp-json\/wp\/v2\/tags?post=3343"}],"curies":[{"name":"wp","href":"https:\/\/api.w.org\/{rel}","templated":true}]}}