{"id":3181,"date":"2016-12-04T15:47:39","date_gmt":"2016-12-04T14:47:39","guid":{"rendered":"http:\/\/agora.xtec.cat\/escolapablopicasso\/?p=3181"},"modified":"2016-12-04T15:47:39","modified_gmt":"2016-12-04T14:47:39","slug":"taller-de-primers-auxilis-i-autoproteccio-6e","status":"publish","type":"post","link":"https:\/\/agora.xtec.cat\/escolapablopicasso\/general\/taller-de-primers-auxilis-i-autoproteccio-6e\/","title":{"rendered":"Taller de primers auxilis i autoprotecci\u00f3 6\u00e8"},"content":{"rendered":"<p>El passat divendres 25 de novembre els alumnes de 6\u00e8 van fer un taller a l&#8217;escola de &#8220;Primers auxilis i autoprotecci\u00f3&#8221;. Les c\u00e0meres del programa &#8220;El Vall\u00e8s educa&#8221; van estar presents i properament emetran el reportatge al Canal Terrassa.<\/p>\n<p>Us avisarem de la seva emissi\u00f3. Aqu\u00ed teniu una petita mostra:<\/p>\n<p><iframe loading=\"lazy\" src=\"\/\/www.youtube.com\/embed\/c0wnsS2q2Tw\" width=\"560\" height=\"314\" allowfullscreen=\"allowfullscreen\"><\/iframe><\/p>\n","protected":false},"excerpt":{"rendered":"<p>El passat divendres 25 de novembre els alumnes de 6\u00e8 van fer un taller a l&#8217;escola de &#8220;Primers auxilis i autoprotecci\u00f3&#8221;. Les c\u00e0meres del programa &#8220;El Vall\u00e8s educa&#8221; van estar presents i properament emetran el reportatge al Canal Terrassa.<br \/>\nUs avisarem de la seva emissi\u00f3. Aqu\u00ed&hellip;  <a href=\"https:\/\/agora.xtec.cat\/escolapablopicasso\/general\/taller-de-primers-auxilis-i-autoproteccio-6e\/\" title=\"Read Taller de primers auxilis i autoprotecci\u00f3 6\u00e8\">Llegeix m\u00e9s\u00bb<\/a><\/p>\n","protected":false},"author":5,"featured_media":3182,"comment_status":"open","ping_status":"open","sticky":false,"template":"","format":"standard","meta":{"_bbp_topic_count":0,"_bbp_reply_count":0,"_bbp_total_topic_count":0,"_bbp_total_reply_count":0,"_bbp_voice_count":0,"_bbp_anonymous_reply_count":0,"_bbp_topic_count_hidden":0,"_bbp_reply_count_hidden":0,"_bbp_forum_subforum_count":0,"footnotes":""},"categories":[15,1,4],"tags":[],"class_list":["post-3181","post","type-post","status-publish","format-standard","has-post-thumbnail","hentry","category-6e","category-general","category-portada"],"post_mailing_queue_ids":[],"_links":{"self":[{"href":"https:\/\/agora.xtec.cat\/escolapablopicasso\/wp-json\/wp\/v2\/posts\/3181","targetHints":{"allow":["GET"]}}],"collection":[{"href":"https:\/\/agora.xtec.cat\/escolapablopicasso\/wp-json\/wp\/v2\/posts"}],"about":[{"href":"https:\/\/agora.xtec.cat\/escolapablopicasso\/wp-json\/wp\/v2\/types\/post"}],"author":[{"embeddable":true,"href":"https:\/\/agora.xtec.cat\/escolapablopicasso\/wp-json\/wp\/v2\/users\/5"}],"replies":[{"embeddable":true,"href":"https:\/\/agora.xtec.cat\/escolapablopicasso\/wp-json\/wp\/v2\/comments?post=3181"}],"version-history":[{"count":1,"href":"https:\/\/agora.xtec.cat\/escolapablopicasso\/wp-json\/wp\/v2\/posts\/3181\/revisions"}],"predecessor-version":[{"id":3183,"href":"https:\/\/agora.xtec.cat\/escolapablopicasso\/wp-json\/wp\/v2\/posts\/3181\/revisions\/3183"}],"wp:featuredmedia":[{"embeddable":true,"href":"https:\/\/agora.xtec.cat\/escolapablopicasso\/wp-json\/wp\/v2\/media\/3182"}],"wp:attachment":[{"href":"https:\/\/agora.xtec.cat\/escolapablopicasso\/wp-json\/wp\/v2\/media?parent=3181"}],"wp:term":[{"taxonomy":"category","embeddable":true,"href":"https:\/\/agora.xtec.cat\/escolapablopicasso\/wp-json\/wp\/v2\/categories?post=3181"},{"taxonomy":"post_tag","embeddable":true,"href":"https:\/\/agora.xtec.cat\/escolapablopicasso\/wp-json\/wp\/v2\/tags?post=3181"}],"curies":[{"name":"wp","href":"https:\/\/api.w.org\/{rel}","templated":true}]}}