{"id":3174,"date":"2016-12-01T11:20:44","date_gmt":"2016-12-01T10:20:44","guid":{"rendered":"http:\/\/agora.xtec.cat\/escolapablopicasso\/?p=3174"},"modified":"2016-12-01T11:20:44","modified_gmt":"2016-12-01T10:20:44","slug":"atencio-families-de-p5","status":"publish","type":"post","link":"https:\/\/agora.xtec.cat\/escolapablopicasso\/portada\/atencio-families-de-p5\/","title":{"rendered":"ATENCI\u00d3 fam\u00edlies de P5"},"content":{"rendered":"<p>ATENCI\u00d3 fam\u00edlies de P5!!!!<\/p>\n<p>La sortida &#8220;Fem oli&#8221; a Can Ribes (Bigues i Riells) que es va anul\u00b7lar per causes meteorol\u00f2giques es far\u00e0 finalment el dilluns 12 de Desembre<\/p>\n<p><img loading=\"lazy\" decoding=\"async\" class=\"aligncenter size-full wp-image-3175\" src=\"http:\/\/agora.xtec.cat\/escolapablopicasso\/wp-content\/uploads\/usu295\/2016\/12\/1281055838872_big.jpg\" alt=\"1281055838872_big\" width=\"640\" height=\"406\" srcset=\"https:\/\/agora.xtec.cat\/escolapablopicasso\/wp-content\/uploads\/usu295\/2016\/12\/1281055838872_big.jpg 640w, https:\/\/agora.xtec.cat\/escolapablopicasso\/wp-content\/uploads\/usu295\/2016\/12\/1281055838872_big-300x190.jpg 300w\" sizes=\"auto, (max-width: 640px) 100vw, 640px\" \/><\/p>\n","protected":false},"excerpt":{"rendered":"<p>ATENCI\u00d3 fam\u00edlies de P5!!!!<br \/>\nLa sortida &#8220;Fem oli&#8221; a Can Ribes (Bigues i Riells) que es va anul\u00b7lar per causes meteorol\u00f2giques es far\u00e0 finalment el dilluns 12 de Desembre<\/p>\n","protected":false},"author":5,"featured_media":3175,"comment_status":"open","ping_status":"open","sticky":false,"template":"","format":"standard","meta":{"_bbp_topic_count":0,"_bbp_reply_count":0,"_bbp_total_topic_count":0,"_bbp_total_reply_count":0,"_bbp_voice_count":0,"_bbp_anonymous_reply_count":0,"_bbp_topic_count_hidden":0,"_bbp_reply_count_hidden":0,"_bbp_forum_subforum_count":0,"footnotes":""},"categories":[9,4,30],"tags":[],"class_list":["post-3174","post","type-post","status-publish","format-standard","has-post-thumbnail","hentry","category-i5","category-portada","category-sortides"],"post_mailing_queue_ids":[],"_links":{"self":[{"href":"https:\/\/agora.xtec.cat\/escolapablopicasso\/wp-json\/wp\/v2\/posts\/3174","targetHints":{"allow":["GET"]}}],"collection":[{"href":"https:\/\/agora.xtec.cat\/escolapablopicasso\/wp-json\/wp\/v2\/posts"}],"about":[{"href":"https:\/\/agora.xtec.cat\/escolapablopicasso\/wp-json\/wp\/v2\/types\/post"}],"author":[{"embeddable":true,"href":"https:\/\/agora.xtec.cat\/escolapablopicasso\/wp-json\/wp\/v2\/users\/5"}],"replies":[{"embeddable":true,"href":"https:\/\/agora.xtec.cat\/escolapablopicasso\/wp-json\/wp\/v2\/comments?post=3174"}],"version-history":[{"count":1,"href":"https:\/\/agora.xtec.cat\/escolapablopicasso\/wp-json\/wp\/v2\/posts\/3174\/revisions"}],"predecessor-version":[{"id":3176,"href":"https:\/\/agora.xtec.cat\/escolapablopicasso\/wp-json\/wp\/v2\/posts\/3174\/revisions\/3176"}],"wp:featuredmedia":[{"embeddable":true,"href":"https:\/\/agora.xtec.cat\/escolapablopicasso\/wp-json\/wp\/v2\/media\/3175"}],"wp:attachment":[{"href":"https:\/\/agora.xtec.cat\/escolapablopicasso\/wp-json\/wp\/v2\/media?parent=3174"}],"wp:term":[{"taxonomy":"category","embeddable":true,"href":"https:\/\/agora.xtec.cat\/escolapablopicasso\/wp-json\/wp\/v2\/categories?post=3174"},{"taxonomy":"post_tag","embeddable":true,"href":"https:\/\/agora.xtec.cat\/escolapablopicasso\/wp-json\/wp\/v2\/tags?post=3174"}],"curies":[{"name":"wp","href":"https:\/\/api.w.org\/{rel}","templated":true}]}}