{"id":3129,"date":"2016-11-07T13:01:15","date_gmt":"2016-11-07T12:01:15","guid":{"rendered":"http:\/\/agora.xtec.cat\/escolapablopicasso\/?p=3129"},"modified":"2016-11-21T13:00:25","modified_gmt":"2016-11-21T12:00:25","slug":"p5-festa-de-la-tardor","status":"publish","type":"post","link":"https:\/\/agora.xtec.cat\/escolapablopicasso\/general\/p5-festa-de-la-tardor\/","title":{"rendered":"P5 &#8211; Festa de la tardor"},"content":{"rendered":"<p>Els nens de P-5 entre tots vam fer una castanya gegant per guarnir el passad\u00eds i vam decorar el nostre mocador de castanyera amb colors de la tardor.<\/p>\n<p>Tamb\u00e9 vam anar al gimn\u00e0s a veure una obra de teatre molt bonica que van representar alguns pares de P-4. Despr\u00e9s vam visitar l\u2019escola per veure els treballs de tots els nens i vam visitar la sala de Halloween que ens va fer una mica de por!!!<\/p>\n<p>Finalment amb el nostre davantal-castanya i el nostre mocador, els Dinosaures i les Girafes tots plegats, vam ballar davant dels nostres companys de P-3 i P-4 una can\u00e7\u00f3 molt marxosa ,\u201cLA RUMBA DE LA CASTANYA\u201d. Ens ho vam passar molt b\u00e9!!!<\/p>\n<p>Els nens de P-5 aprofitem per felicitar a totes les fam\u00edlies que han participat aquest any al guarniment del vest\u00edbul i que han fet aut\u00e8ntiques obres d\u2019art amb les fulles.<\/p>\n<p>MOLTES GR\u00c0CIES!!!<\/p>\n<p><iframe loading=\"lazy\" src=\"\/\/www.youtube.com\/embed\/8O996XboOuI\" width=\"560\" height=\"314\"><\/iframe><\/p>\n<p><iframe loading=\"lazy\" src=\"\/\/www.youtube.com\/embed\/71bi6Kd4_o4\" width=\"560\" height=\"314\" allowfullscreen=\"allowfullscreen\"><\/iframe><\/p>\n","protected":false},"excerpt":{"rendered":"<p>Els nens de P-5 entre tots vam fer una castanya gegant per guarnir el passad\u00eds i vam decorar el nostre mocador de castanyera amb colors de la tardor.<br \/>\nTamb\u00e9 vam anar al gimn\u00e0s a veure una obra de teatre molt bonica que van representar alguns pares&hellip;  <a href=\"https:\/\/agora.xtec.cat\/escolapablopicasso\/general\/p5-festa-de-la-tardor\/\" title=\"Read P5 &#8211; Festa de la tardor\">Llegeix m\u00e9s\u00bb<\/a><\/p>\n","protected":false},"author":4,"featured_media":3130,"comment_status":"open","ping_status":"open","sticky":false,"template":"","format":"standard","meta":{"_bbp_topic_count":0,"_bbp_reply_count":0,"_bbp_total_topic_count":0,"_bbp_total_reply_count":0,"_bbp_voice_count":0,"_bbp_anonymous_reply_count":0,"_bbp_topic_count_hidden":0,"_bbp_reply_count_hidden":0,"_bbp_forum_subforum_count":0,"footnotes":""},"categories":[23,1,9,2,4],"tags":[],"class_list":["post-3129","post","type-post","status-publish","format-standard","has-post-thumbnail","hentry","category-nadal","category-general","category-i5","category-infantil","category-portada"],"post_mailing_queue_ids":[],"_links":{"self":[{"href":"https:\/\/agora.xtec.cat\/escolapablopicasso\/wp-json\/wp\/v2\/posts\/3129","targetHints":{"allow":["GET"]}}],"collection":[{"href":"https:\/\/agora.xtec.cat\/escolapablopicasso\/wp-json\/wp\/v2\/posts"}],"about":[{"href":"https:\/\/agora.xtec.cat\/escolapablopicasso\/wp-json\/wp\/v2\/types\/post"}],"author":[{"embeddable":true,"href":"https:\/\/agora.xtec.cat\/escolapablopicasso\/wp-json\/wp\/v2\/users\/4"}],"replies":[{"embeddable":true,"href":"https:\/\/agora.xtec.cat\/escolapablopicasso\/wp-json\/wp\/v2\/comments?post=3129"}],"version-history":[{"count":3,"href":"https:\/\/agora.xtec.cat\/escolapablopicasso\/wp-json\/wp\/v2\/posts\/3129\/revisions"}],"predecessor-version":[{"id":3164,"href":"https:\/\/agora.xtec.cat\/escolapablopicasso\/wp-json\/wp\/v2\/posts\/3129\/revisions\/3164"}],"wp:featuredmedia":[{"embeddable":true,"href":"https:\/\/agora.xtec.cat\/escolapablopicasso\/wp-json\/wp\/v2\/media\/3130"}],"wp:attachment":[{"href":"https:\/\/agora.xtec.cat\/escolapablopicasso\/wp-json\/wp\/v2\/media?parent=3129"}],"wp:term":[{"taxonomy":"category","embeddable":true,"href":"https:\/\/agora.xtec.cat\/escolapablopicasso\/wp-json\/wp\/v2\/categories?post=3129"},{"taxonomy":"post_tag","embeddable":true,"href":"https:\/\/agora.xtec.cat\/escolapablopicasso\/wp-json\/wp\/v2\/tags?post=3129"}],"curies":[{"name":"wp","href":"https:\/\/api.w.org\/{rel}","templated":true}]}}