{"id":3034,"date":"2016-06-29T11:58:33","date_gmt":"2016-06-29T10:58:33","guid":{"rendered":"http:\/\/agora.xtec.cat\/escolapablopicasso\/?p=3034"},"modified":"2016-06-29T11:59:01","modified_gmt":"2016-06-29T10:59:01","slug":"colonies-4art","status":"publish","type":"post","link":"https:\/\/agora.xtec.cat\/escolapablopicasso\/portada\/colonies-4art\/","title":{"rendered":"Col\u00f2nies 4art"},"content":{"rendered":"<p>El passat 25 de Juny els alumnes de 4art van marxar de col\u00f2nies durant tres dies. Van tornar encantats!!! Aquesta activitat va estar organitzada per les fam\u00edlies.<\/p>\n<p><img loading=\"lazy\" decoding=\"async\" class=\"aligncenter size-large wp-image-3037\" src=\"http:\/\/agora.xtec.cat\/escolapablopicasso\/wp-content\/uploads\/usu295\/2016\/06\/IMG-20160627-WA0025-1024x768.jpg\" alt=\"IMG-20160627-WA0025\" width=\"1024\" height=\"768\" srcset=\"https:\/\/agora.xtec.cat\/escolapablopicasso\/wp-content\/uploads\/usu295\/2016\/06\/IMG-20160627-WA0025-1024x768.jpg 1024w, https:\/\/agora.xtec.cat\/escolapablopicasso\/wp-content\/uploads\/usu295\/2016\/06\/IMG-20160627-WA0025-300x225.jpg 300w, https:\/\/agora.xtec.cat\/escolapablopicasso\/wp-content\/uploads\/usu295\/2016\/06\/IMG-20160627-WA0025-768x576.jpg 768w, https:\/\/agora.xtec.cat\/escolapablopicasso\/wp-content\/uploads\/usu295\/2016\/06\/IMG-20160627-WA0025-200x150.jpg 200w, https:\/\/agora.xtec.cat\/escolapablopicasso\/wp-content\/uploads\/usu295\/2016\/06\/IMG-20160627-WA0025.jpg 1600w\" sizes=\"auto, (max-width: 1024px) 100vw, 1024px\" \/><\/p>\n<p><img loading=\"lazy\" decoding=\"async\" class=\"aligncenter size-large wp-image-3036\" src=\"http:\/\/agora.xtec.cat\/escolapablopicasso\/wp-content\/uploads\/usu295\/2016\/06\/IMG-20160627-WA0011-1024x768.jpg\" alt=\"IMG-20160627-WA0011\" width=\"1024\" height=\"768\" srcset=\"https:\/\/agora.xtec.cat\/escolapablopicasso\/wp-content\/uploads\/usu295\/2016\/06\/IMG-20160627-WA0011-1024x768.jpg 1024w, https:\/\/agora.xtec.cat\/escolapablopicasso\/wp-content\/uploads\/usu295\/2016\/06\/IMG-20160627-WA0011-300x225.jpg 300w, https:\/\/agora.xtec.cat\/escolapablopicasso\/wp-content\/uploads\/usu295\/2016\/06\/IMG-20160627-WA0011-768x576.jpg 768w, https:\/\/agora.xtec.cat\/escolapablopicasso\/wp-content\/uploads\/usu295\/2016\/06\/IMG-20160627-WA0011-200x150.jpg 200w, https:\/\/agora.xtec.cat\/escolapablopicasso\/wp-content\/uploads\/usu295\/2016\/06\/IMG-20160627-WA0011.jpg 1600w\" sizes=\"auto, (max-width: 1024px) 100vw, 1024px\" \/><\/p>\n<p><img loading=\"lazy\" decoding=\"async\" class=\"aligncenter size-large wp-image-3035\" src=\"http:\/\/agora.xtec.cat\/escolapablopicasso\/wp-content\/uploads\/usu295\/2016\/06\/IMG-20160625-WA0035-1024x768.jpg\" alt=\"IMG-20160625-WA0035\" width=\"1024\" height=\"768\" srcset=\"https:\/\/agora.xtec.cat\/escolapablopicasso\/wp-content\/uploads\/usu295\/2016\/06\/IMG-20160625-WA0035-1024x768.jpg 1024w, https:\/\/agora.xtec.cat\/escolapablopicasso\/wp-content\/uploads\/usu295\/2016\/06\/IMG-20160625-WA0035-300x225.jpg 300w, https:\/\/agora.xtec.cat\/escolapablopicasso\/wp-content\/uploads\/usu295\/2016\/06\/IMG-20160625-WA0035-768x576.jpg 768w, https:\/\/agora.xtec.cat\/escolapablopicasso\/wp-content\/uploads\/usu295\/2016\/06\/IMG-20160625-WA0035-200x150.jpg 200w, https:\/\/agora.xtec.cat\/escolapablopicasso\/wp-content\/uploads\/usu295\/2016\/06\/IMG-20160625-WA0035.jpg 1600w\" sizes=\"auto, (max-width: 1024px) 100vw, 1024px\" \/><\/p>\n<p>&nbsp;<\/p>\n","protected":false},"excerpt":{"rendered":"<p>El passat 25 de Juny els alumnes de 4art van marxar de col\u00f2nies durant tres dies. Van tornar encantats!!! Aquesta activitat va estar organitzada per les fam\u00edlies.<\/p>\n<p>&nbsp;<\/p>\n","protected":false},"author":5,"featured_media":0,"comment_status":"open","ping_status":"open","sticky":false,"template":"","format":"standard","meta":{"_bbp_topic_count":0,"_bbp_reply_count":0,"_bbp_total_topic_count":0,"_bbp_total_reply_count":0,"_bbp_voice_count":0,"_bbp_anonymous_reply_count":0,"_bbp_topic_count_hidden":0,"_bbp_reply_count_hidden":0,"_bbp_forum_subforum_count":0,"footnotes":""},"categories":[13,7,4,30],"tags":[],"class_list":["post-3034","post","type-post","status-publish","format-standard","hentry","category-4t","category-ampa","category-portada","category-sortides"],"post_mailing_queue_ids":[],"_links":{"self":[{"href":"https:\/\/agora.xtec.cat\/escolapablopicasso\/wp-json\/wp\/v2\/posts\/3034","targetHints":{"allow":["GET"]}}],"collection":[{"href":"https:\/\/agora.xtec.cat\/escolapablopicasso\/wp-json\/wp\/v2\/posts"}],"about":[{"href":"https:\/\/agora.xtec.cat\/escolapablopicasso\/wp-json\/wp\/v2\/types\/post"}],"author":[{"embeddable":true,"href":"https:\/\/agora.xtec.cat\/escolapablopicasso\/wp-json\/wp\/v2\/users\/5"}],"replies":[{"embeddable":true,"href":"https:\/\/agora.xtec.cat\/escolapablopicasso\/wp-json\/wp\/v2\/comments?post=3034"}],"version-history":[{"count":1,"href":"https:\/\/agora.xtec.cat\/escolapablopicasso\/wp-json\/wp\/v2\/posts\/3034\/revisions"}],"predecessor-version":[{"id":3038,"href":"https:\/\/agora.xtec.cat\/escolapablopicasso\/wp-json\/wp\/v2\/posts\/3034\/revisions\/3038"}],"wp:attachment":[{"href":"https:\/\/agora.xtec.cat\/escolapablopicasso\/wp-json\/wp\/v2\/media?parent=3034"}],"wp:term":[{"taxonomy":"category","embeddable":true,"href":"https:\/\/agora.xtec.cat\/escolapablopicasso\/wp-json\/wp\/v2\/categories?post=3034"},{"taxonomy":"post_tag","embeddable":true,"href":"https:\/\/agora.xtec.cat\/escolapablopicasso\/wp-json\/wp\/v2\/tags?post=3034"}],"curies":[{"name":"wp","href":"https:\/\/api.w.org\/{rel}","templated":true}]}}