{"id":302,"date":"2014-06-20T10:37:02","date_gmt":"2014-06-20T09:37:02","guid":{"rendered":"http:\/\/blocs.xtec.cat\/pablopicassociclesuperior\/?p=302"},"modified":"2015-11-05T00:14:58","modified_gmt":"2015-11-04T23:14:58","slug":"fi-de-curs-danses-i-comiat-de-6e","status":"publish","type":"post","link":"https:\/\/agora.xtec.cat\/escolapablopicasso\/general\/fi-de-curs-danses-i-comiat-de-6e\/","title":{"rendered":"FI DE CURS 2014: danses i comiat de 6\u00e8!"},"content":{"rendered":"<p>B\u00e9, ja ha arribat el fi de curs, aquell dia tan esperat i tan emotiu per tots i totes, especialment pels alumnes de 6\u00e8!\u00a0Us trobarem a faltar! <img loading=\"lazy\" decoding=\"async\" class=\"alignnone size-medium wp-image-303\" src=\"http:\/\/blocs.xtec.cat\/escolapablopicasso\/files\/2014\/08\/festa-fi-de-curs-300x132.png\" alt=\"festa fi de curs\" width=\"300\" height=\"132\" \/><\/p>\n<p>Aqu\u00ed teniu els v\u00eddeos de la festa:<\/p>\n<ul>\n<li><a title=\"Danses INF\" href=\"http:\/\/youtu.be\/zAh0cvfFG7c\" target=\"_blank\">Infantil<\/a><\/li>\n<\/ul>\n<p><iframe loading=\"lazy\" src=\"\/\/www.youtube.com\/embed\/zAh0cvfFG7c\" width=\"425\" height=\"350\"><\/iframe><\/p>\n<ul>\n<li><a title=\"Festa fi de curs - CI\" href=\"http:\/\/youtu.be\/aOl88VAO_PA\" target=\"_blank\">Cicle Inicial<\/a><\/li>\n<\/ul>\n<p><iframe loading=\"lazy\" src=\"\/\/www.youtube.com\/embed\/aOl88VAO_PA\" width=\"425\" height=\"350\"><\/iframe><\/p>\n<ul>\n<li><a title=\"Fi de curs 2014 CM\" href=\"http:\/\/youtu.be\/EEAlJhd5jWw\" target=\"_blank\">Cicle Mitj\u00e0<\/a><\/li>\n<\/ul>\n<p><iframe loading=\"lazy\" src=\"\/\/www.youtube.com\/embed\/EEAlJhd5jWw\" width=\"425\" height=\"350\"><\/iframe><\/p>\n<ul>\n<li><a title=\"Fi de curs 2014 CS\" href=\"http:\/\/youtu.be\/W0MC-6ieFbg\" target=\"_blank\">Cicle Superior<\/a><\/li>\n<\/ul>\n<p><iframe loading=\"lazy\" src=\"\/\/www.youtube.com\/embed\/W0MC-6ieFbg\" width=\"425\" height=\"350\"><\/iframe><\/p>\n","protected":false},"excerpt":{"rendered":"<p>B\u00e9, ja ha arribat el fi de curs, aquell dia tan esperat i tan emotiu per tots i totes, especialment pels alumnes de 6\u00e8!\u00a0Us trobarem a faltar!<br \/>\nAqu\u00ed teniu els v\u00eddeos de la festa:<\/p>\n<ul>\n<li><a title=\"Danses INF\" href=\"http:\/\/youtu.be\/zAh0cvfFG7c\" target=\"_blank\">Infantil<\/a><\/li>\n<\/ul>\n<ul>\n<li><a title=\"Festa fi de curs - CI\" href=\"http:\/\/youtu.be\/aOl88VAO_PA\"&hellip;  <a href=\"https:\/\/agora.xtec.cat\/escolapablopicasso\/general\/fi-de-curs-danses-i-comiat-de-6e\/\" title=\"Read FI DE CURS 2014: danses i comiat de 6\u00e8!\">Llegeix m\u00e9s\u00bb<\/a><br \/>\n","protected":false},"author":3,"featured_media":0,"comment_status":"open","ping_status":"open","sticky":false,"template":"","format":"standard","meta":{"_bbp_topic_count":0,"_bbp_reply_count":0,"_bbp_total_topic_count":0,"_bbp_total_reply_count":0,"_bbp_voice_count":0,"_bbp_anonymous_reply_count":0,"_bbp_topic_count_hidden":0,"_bbp_reply_count_hidden":0,"_bbp_forum_subforum_count":0,"footnotes":""},"categories":[23,1,4],"tags":[],"class_list":["post-302","post","type-post","status-publish","format-standard","hentry","category-nadal","category-general","category-portada"],"post_mailing_queue_ids":[],"_links":{"self":[{"href":"https:\/\/agora.xtec.cat\/escolapablopicasso\/wp-json\/wp\/v2\/posts\/302","targetHints":{"allow":["GET"]}}],"collection":[{"href":"https:\/\/agora.xtec.cat\/escolapablopicasso\/wp-json\/wp\/v2\/posts"}],"about":[{"href":"https:\/\/agora.xtec.cat\/escolapablopicasso\/wp-json\/wp\/v2\/types\/post"}],"author":[{"embeddable":true,"href":"https:\/\/agora.xtec.cat\/escolapablopicasso\/wp-json\/wp\/v2\/users\/3"}],"replies":[{"embeddable":true,"href":"https:\/\/agora.xtec.cat\/escolapablopicasso\/wp-json\/wp\/v2\/comments?post=302"}],"version-history":[{"count":2,"href":"https:\/\/agora.xtec.cat\/escolapablopicasso\/wp-json\/wp\/v2\/posts\/302\/revisions"}],"predecessor-version":[{"id":1432,"href":"https:\/\/agora.xtec.cat\/escolapablopicasso\/wp-json\/wp\/v2\/posts\/302\/revisions\/1432"}],"wp:attachment":[{"href":"https:\/\/agora.xtec.cat\/escolapablopicasso\/wp-json\/wp\/v2\/media?parent=302"}],"wp:term":[{"taxonomy":"category","embeddable":true,"href":"https:\/\/agora.xtec.cat\/escolapablopicasso\/wp-json\/wp\/v2\/categories?post=302"},{"taxonomy":"post_tag","embeddable":true,"href":"https:\/\/agora.xtec.cat\/escolapablopicasso\/wp-json\/wp\/v2\/tags?post=302"}],"curies":[{"name":"wp","href":"https:\/\/api.w.org\/{rel}","templated":true}]}}