{"id":2989,"date":"2016-06-02T11:06:05","date_gmt":"2016-06-02T10:06:05","guid":{"rendered":"http:\/\/agora.xtec.cat\/escolapablopicasso\/?p=2989"},"modified":"2016-06-09T11:13:55","modified_gmt":"2016-06-09T10:13:55","slug":"danses-i-comiat-6e-i-padrins-i-fillols-15-16","status":"publish","type":"post","link":"https:\/\/agora.xtec.cat\/escolapablopicasso\/general\/danses-i-comiat-6e-i-padrins-i-fillols-15-16\/","title":{"rendered":"Danses i comiat 6\u00e8 i padrins i fillols 15-16"},"content":{"rendered":"<p>FESTIVAL DE DANSES DE FINAL DE CURS<\/p>\n<p><img loading=\"lazy\" decoding=\"async\" class=\"alignright\" src=\"http:\/\/2.bp.blogspot.com\/-ISm4P_y1nJo\/VqqHlRiKY_I\/AAAAAAAAAA8\/irWJjSUTNm8\/s1600\/radio300.png\" alt=\"\" width=\"120\" height=\"128\" \/>Us volem convidar al <strong>festival de danses de final de curs <\/strong>que farem a l\u2019escola el dilluns, dia 20 de juny a les 9:30h.\u00a0La tem\u00e0tica d\u2019aquest curs ser\u00e0 \u201c<u>L<\/u><u>a<\/u> <u>r<\/u><u>\u00e0<\/u><u>d<\/u><u>i<\/u><u>o<\/u> <u>d<\/u><u>e<\/u><u>l<\/u> <u>P<\/u><u>i<\/u><u>c<\/u><u>a<\/u><u>s<\/u><u>s<\/u><u>o<\/u>\u201d, \u00e9s per aix\u00f2 que totes les classes ballaran segons l\u2019emissora i la freq\u00fc\u00e8ncia que els nostres nens i nenes sintonitzin.<\/p>\n<p>L\u2019ordre de les danses ser\u00e0 comen\u00e7ant en P3 i acabant en 6\u00e8.<\/p>\n<p>COMIAT 6\u00e8 i COMIAT PADRINS-FILLOLS<\/p>\n<p><img loading=\"lazy\" decoding=\"async\" class=\"alignleft\" src=\"https:\/\/s-media-cache-ak0.pinimg.com\/736x\/a2\/2d\/21\/a22d211a098c857b8e880ce855724b30.jpg\" alt=\"\" width=\"160\" height=\"160\" \/>El proper <strong><u>dimarts, 21 de juny, a les 9:15h<\/u><\/strong> tindr\u00e0 lloc\u00a0el comiat dels alumnes de 6\u00a0i l\u2019\u00faltima trobada de padrins i fillols.\u00a0Podran assistir-hi dos familiars per nen\/a.<\/p>\n<p>Comen\u00e7arem amb els <strong>dos balls<\/strong>: el de P3 i el de 6\u00e8.\u00a0Seguidament, es far\u00e0 <strong>el comiat de 6\u00e8<\/strong>, on tots els i les alumnes de l\u2019escola acomiadaran els seus companys\/es.<\/p>\n<p>A continuaci\u00f3, es far\u00e0 el <strong>comiat de padrins i fillols<\/strong>. Els i les alumnes de P3 i 6\u00e8 amb la participaci\u00f3 de les seves fam\u00edlies celebraran un comiat \u00edntim, per tancar un any de molts moments i sentiments compartits.<\/p>\n<p>Per \u00faltim, ens agradaria acabar aquesta jornada amb <strong>un esmorzar com\u00fa<\/strong> amb els infants de P3 i 6\u00e8 i les seves fam\u00edlies.<\/p>\n","protected":false},"excerpt":{"rendered":"<p>FESTIVAL DE DANSES DE FINAL DE CURS<br \/>\nUs volem convidar al festival de danses de final de curs que farem a l\u2019escola el dilluns, dia 20 de juny a les 9:30h.\u00a0La tem\u00e0tica d\u2019aquest curs ser\u00e0 \u201cLa r\u00e0dio del Picasso\u201d, \u00e9s per aix\u00f2 que totes les classes&hellip;  <a href=\"https:\/\/agora.xtec.cat\/escolapablopicasso\/general\/danses-i-comiat-6e-i-padrins-i-fillols-15-16\/\" title=\"Read Danses i comiat 6\u00e8 i padrins i fillols 15-16\">Llegeix m\u00e9s\u00bb<\/a><\/p>\n","protected":false},"author":1,"featured_media":0,"comment_status":"open","ping_status":"open","sticky":false,"template":"","format":"standard","meta":{"_bbp_topic_count":0,"_bbp_reply_count":0,"_bbp_total_topic_count":0,"_bbp_total_reply_count":0,"_bbp_voice_count":0,"_bbp_anonymous_reply_count":0,"_bbp_topic_count_hidden":0,"_bbp_reply_count_hidden":0,"_bbp_forum_subforum_count":0,"footnotes":""},"categories":[15,23,1,3,2,4,5],"tags":[],"class_list":["post-2989","post","type-post","status-publish","format-standard","hentry","category-6e","category-nadal","category-general","category-i3","category-infantil","category-portada","category-primaria"],"post_mailing_queue_ids":[],"_links":{"self":[{"href":"https:\/\/agora.xtec.cat\/escolapablopicasso\/wp-json\/wp\/v2\/posts\/2989","targetHints":{"allow":["GET"]}}],"collection":[{"href":"https:\/\/agora.xtec.cat\/escolapablopicasso\/wp-json\/wp\/v2\/posts"}],"about":[{"href":"https:\/\/agora.xtec.cat\/escolapablopicasso\/wp-json\/wp\/v2\/types\/post"}],"author":[{"embeddable":true,"href":"https:\/\/agora.xtec.cat\/escolapablopicasso\/wp-json\/wp\/v2\/users\/1"}],"replies":[{"embeddable":true,"href":"https:\/\/agora.xtec.cat\/escolapablopicasso\/wp-json\/wp\/v2\/comments?post=2989"}],"version-history":[{"count":1,"href":"https:\/\/agora.xtec.cat\/escolapablopicasso\/wp-json\/wp\/v2\/posts\/2989\/revisions"}],"predecessor-version":[{"id":2990,"href":"https:\/\/agora.xtec.cat\/escolapablopicasso\/wp-json\/wp\/v2\/posts\/2989\/revisions\/2990"}],"wp:attachment":[{"href":"https:\/\/agora.xtec.cat\/escolapablopicasso\/wp-json\/wp\/v2\/media?parent=2989"}],"wp:term":[{"taxonomy":"category","embeddable":true,"href":"https:\/\/agora.xtec.cat\/escolapablopicasso\/wp-json\/wp\/v2\/categories?post=2989"},{"taxonomy":"post_tag","embeddable":true,"href":"https:\/\/agora.xtec.cat\/escolapablopicasso\/wp-json\/wp\/v2\/tags?post=2989"}],"curies":[{"name":"wp","href":"https:\/\/api.w.org\/{rel}","templated":true}]}}