{"id":2978,"date":"2016-06-03T11:39:14","date_gmt":"2016-06-03T10:39:14","guid":{"rendered":"http:\/\/agora.xtec.cat\/escolapablopicasso\/?p=2978"},"modified":"2016-06-09T11:01:21","modified_gmt":"2016-06-09T10:01:21","slug":"ja-tenim-logo-pel-festival-de-danses-2016","status":"publish","type":"post","link":"https:\/\/agora.xtec.cat\/escolapablopicasso\/general\/ja-tenim-logo-pel-festival-de-danses-2016\/","title":{"rendered":"Ja tenim logo pel festival de danses 2016!"},"content":{"rendered":"<p><a href=\"http:\/\/agora.xtec.cat\/escolapablopicasso\/wp-content\/uploads\/usu295\/2016\/06\/Logo-R\u00e0dio-Picasso-copia.png\"><img loading=\"lazy\" decoding=\"async\" class=\"size-large wp-image-2982 alignright\" src=\"http:\/\/agora.xtec.cat\/escolapablopicasso\/wp-content\/uploads\/usu295\/2016\/06\/Logo-R\u00e0dio-Picasso-copia.png\" alt=\"Logo R\u00e0dio Picasso copia\" width=\"154\" height=\"174\" \/><\/a>El curs est\u00e0 a punt d&#8217;acabar i ens acompanyen moltes emocions i sentiments&#8230;\u00a0I, com no, per acomiadar el curs, tenim el nostre festival de danses! Amb logo i tot!<\/p>\n<p>Aquest curs la tem\u00e0tica \u00e9s <strong>&#8220;R\u00e0dio Picasso 206.16&#8221;<\/strong> i tindr\u00e0 lloc el dilluns, <strong>20\u00a0de juny de 2016 a les 9:30h<\/strong>.<\/p>\n<p>No us ho podeu perdre! Us hi esperem!<\/p>\n<p><iframe loading=\"lazy\" id=\"doc_1787\" class=\"scribd_iframe_embed\" src=\"https:\/\/www.scribd.com\/embeds\/315243565\/content?start_page=1&amp;view_mode=scroll&amp;access_key=key-nJPtmbEPFZxHXulPjDV8&amp;show_recommendations=true\" width=\"100%\" height=\"600\" frameborder=\"0\" scrolling=\"no\" data-auto-height=\"false\" data-aspect-ratio=\"0.7080062794348508\"><\/iframe><\/p>\n","protected":false},"excerpt":{"rendered":"<p><a href=\"http:\/\/agora.xtec.cat\/escolapablopicasso\/wp-content\/uploads\/usu295\/2016\/06\/Logo-R\u00e0dio-Picasso-copia.png\"><\/a>El curs est\u00e0 a punt d&#8217;acabar i ens acompanyen moltes emocions i sentiments&#8230;\u00a0I, com no, per acomiadar el curs, tenim el nostre festival de danses! Amb logo i tot!<br \/>\nAquest curs la tem\u00e0tica \u00e9s &#8220;R\u00e0dio Picasso 206.16&#8221; i tindr\u00e0 lloc el dilluns, 20\u00a0de juny de&hellip;  <a href=\"https:\/\/agora.xtec.cat\/escolapablopicasso\/general\/ja-tenim-logo-pel-festival-de-danses-2016\/\" title=\"Read Ja tenim logo pel festival de danses 2016!\">Llegeix m\u00e9s\u00bb<\/a><\/p>\n","protected":false},"author":1,"featured_media":0,"comment_status":"open","ping_status":"open","sticky":false,"template":"","format":"standard","meta":{"_bbp_topic_count":0,"_bbp_reply_count":0,"_bbp_total_topic_count":0,"_bbp_total_reply_count":0,"_bbp_voice_count":0,"_bbp_anonymous_reply_count":0,"_bbp_topic_count_hidden":0,"_bbp_reply_count_hidden":0,"_bbp_forum_subforum_count":0,"footnotes":""},"categories":[23,1,2,24,4,5],"tags":[],"class_list":["post-2978","post","type-post","status-publish","format-standard","hentry","category-nadal","category-general","category-infantil","category-musica","category-portada","category-primaria"],"post_mailing_queue_ids":[],"_links":{"self":[{"href":"https:\/\/agora.xtec.cat\/escolapablopicasso\/wp-json\/wp\/v2\/posts\/2978","targetHints":{"allow":["GET"]}}],"collection":[{"href":"https:\/\/agora.xtec.cat\/escolapablopicasso\/wp-json\/wp\/v2\/posts"}],"about":[{"href":"https:\/\/agora.xtec.cat\/escolapablopicasso\/wp-json\/wp\/v2\/types\/post"}],"author":[{"embeddable":true,"href":"https:\/\/agora.xtec.cat\/escolapablopicasso\/wp-json\/wp\/v2\/users\/1"}],"replies":[{"embeddable":true,"href":"https:\/\/agora.xtec.cat\/escolapablopicasso\/wp-json\/wp\/v2\/comments?post=2978"}],"version-history":[{"count":3,"href":"https:\/\/agora.xtec.cat\/escolapablopicasso\/wp-json\/wp\/v2\/posts\/2978\/revisions"}],"predecessor-version":[{"id":2988,"href":"https:\/\/agora.xtec.cat\/escolapablopicasso\/wp-json\/wp\/v2\/posts\/2978\/revisions\/2988"}],"wp:attachment":[{"href":"https:\/\/agora.xtec.cat\/escolapablopicasso\/wp-json\/wp\/v2\/media?parent=2978"}],"wp:term":[{"taxonomy":"category","embeddable":true,"href":"https:\/\/agora.xtec.cat\/escolapablopicasso\/wp-json\/wp\/v2\/categories?post=2978"},{"taxonomy":"post_tag","embeddable":true,"href":"https:\/\/agora.xtec.cat\/escolapablopicasso\/wp-json\/wp\/v2\/tags?post=2978"}],"curies":[{"name":"wp","href":"https:\/\/api.w.org\/{rel}","templated":true}]}}