{"id":2918,"date":"2016-05-04T11:56:53","date_gmt":"2016-05-04T10:56:53","guid":{"rendered":"http:\/\/agora.xtec.cat\/escolapablopicasso\/?p=2918"},"modified":"2016-05-20T11:51:59","modified_gmt":"2016-05-20T10:51:59","slug":"sortida-a-la-casa-de-les-abelles","status":"publish","type":"post","link":"https:\/\/agora.xtec.cat\/escolapablopicasso\/general\/sortida-a-la-casa-de-les-abelles\/","title":{"rendered":"Sortida a la casa de les Abelles"},"content":{"rendered":"<p>Els alumnes de tercer hem anat de sortida a la casa de les abelles, a Torell\u00f3. All\u00e0 hem apr\u00e8s unes quantes coses sobrela reproducci\u00f3 de les plantes i com de importants s\u00f3n les abelles en aquest proc\u00e9s. Hem pogut veure de ben a prop els diferentsn tipus\u00a0abelles i les funcions com realitzen. Tamb\u00e9 hem viscut de ben a prop la feina que fan els apicultors i com extreuen la mel de les bresques. ha estat molt interessant.<\/p>\n<p><iframe loading=\"lazy\" title=\"La casa de les abelles 3r A\" width=\"500\" height=\"375\" src=\"https:\/\/www.youtube.com\/embed\/184oZlh8CKw?feature=oembed\" frameborder=\"0\" allow=\"accelerometer; autoplay; clipboard-write; encrypted-media; gyroscope; picture-in-picture; web-share\" referrerpolicy=\"strict-origin-when-cross-origin\" allowfullscreen><\/iframe><\/p>\n<p><iframe loading=\"lazy\" title=\"La casa de les Abelles 3r B\" width=\"500\" height=\"281\" src=\"https:\/\/www.youtube.com\/embed\/FvqxcW05dN8?feature=oembed\" frameborder=\"0\" allow=\"accelerometer; autoplay; clipboard-write; encrypted-media; gyroscope; picture-in-picture; web-share\" referrerpolicy=\"strict-origin-when-cross-origin\" allowfullscreen><\/iframe><\/p>\n","protected":false},"excerpt":{"rendered":"<p>Els alumnes de tercer hem anat de sortida a la casa de les abelles, a Torell\u00f3. All\u00e0 hem apr\u00e8s unes quantes coses sobrela reproducci\u00f3 de les plantes i com de importants s\u00f3n les abelles en aquest proc\u00e9s. Hem pogut veure de ben a prop els&hellip;  <a href=\"https:\/\/agora.xtec.cat\/escolapablopicasso\/general\/sortida-a-la-casa-de-les-abelles\/\" title=\"Read Sortida a la casa de les Abelles\">Llegeix m\u00e9s\u00bb<\/a><\/p>\n","protected":false},"author":4,"featured_media":0,"comment_status":"open","ping_status":"open","sticky":false,"template":"","format":"standard","meta":{"_bbp_topic_count":0,"_bbp_reply_count":0,"_bbp_total_topic_count":0,"_bbp_total_reply_count":0,"_bbp_voice_count":0,"_bbp_anonymous_reply_count":0,"_bbp_topic_count_hidden":0,"_bbp_reply_count_hidden":0,"_bbp_forum_subforum_count":0,"footnotes":""},"categories":[12,1,4,5,30],"tags":[],"class_list":["post-2918","post","type-post","status-publish","format-standard","hentry","category-3r","category-general","category-portada","category-primaria","category-sortides"],"post_mailing_queue_ids":[],"_links":{"self":[{"href":"https:\/\/agora.xtec.cat\/escolapablopicasso\/wp-json\/wp\/v2\/posts\/2918","targetHints":{"allow":["GET"]}}],"collection":[{"href":"https:\/\/agora.xtec.cat\/escolapablopicasso\/wp-json\/wp\/v2\/posts"}],"about":[{"href":"https:\/\/agora.xtec.cat\/escolapablopicasso\/wp-json\/wp\/v2\/types\/post"}],"author":[{"embeddable":true,"href":"https:\/\/agora.xtec.cat\/escolapablopicasso\/wp-json\/wp\/v2\/users\/4"}],"replies":[{"embeddable":true,"href":"https:\/\/agora.xtec.cat\/escolapablopicasso\/wp-json\/wp\/v2\/comments?post=2918"}],"version-history":[{"count":2,"href":"https:\/\/agora.xtec.cat\/escolapablopicasso\/wp-json\/wp\/v2\/posts\/2918\/revisions"}],"predecessor-version":[{"id":2929,"href":"https:\/\/agora.xtec.cat\/escolapablopicasso\/wp-json\/wp\/v2\/posts\/2918\/revisions\/2929"}],"wp:attachment":[{"href":"https:\/\/agora.xtec.cat\/escolapablopicasso\/wp-json\/wp\/v2\/media?parent=2918"}],"wp:term":[{"taxonomy":"category","embeddable":true,"href":"https:\/\/agora.xtec.cat\/escolapablopicasso\/wp-json\/wp\/v2\/categories?post=2918"},{"taxonomy":"post_tag","embeddable":true,"href":"https:\/\/agora.xtec.cat\/escolapablopicasso\/wp-json\/wp\/v2\/tags?post=2918"}],"curies":[{"name":"wp","href":"https:\/\/api.w.org\/{rel}","templated":true}]}}