{"id":2913,"date":"2016-05-02T09:00:13","date_gmt":"2016-05-02T08:00:13","guid":{"rendered":"http:\/\/agora.xtec.cat\/escolapablopicasso\/?p=2913"},"modified":"2016-05-03T11:40:21","modified_gmt":"2016-05-03T10:40:21","slug":"beques-de-menjador-i-material-escolar-16-17","status":"publish","type":"post","link":"https:\/\/agora.xtec.cat\/escolapablopicasso\/portada\/beques-de-menjador-i-material-escolar-16-17\/","title":{"rendered":"BEQUES DE MENJADOR I MATERIAL ESCOLAR 16-17"},"content":{"rendered":"<p>A partir d\u2019avui <strong>dilluns 2\u00a0d\u2019abril fins el 20\u00a0de maig<\/strong>, restar\u00e0 obert el per\u00edode de presentaci\u00f3 de sol\u00b7licituds <em>d\u2019ajuts de menjador escolar i material pel curs 2016-2017<\/em>.<\/p>\n<p>Podeu recollir les sol\u00b7licituds a l\u2019escola o a l\u2019Ajuntament.<\/p>\n<p><img loading=\"lazy\" decoding=\"async\" class=\"alignnone\" src=\"http:\/\/upload.ripollet.cat\/asp\/generaimatge.asp?URLImatge=http:\/\/upload.ripollet.cat\/FILES\/JPG\/ripollet-edu-beques.jpg&amp;Width=640\" alt=\"\" width=\"336\" height=\"237\" \/><\/p>\n<p><a href=\"https:\/\/www.scribd.com\/doc\/311337136\/Cartell-Convocatoria-2016-2017\">Cartell convocat\u00f2ria d&#8217;ajuts de menjador escolar i material 16-17<\/a><\/p>\n","protected":false},"excerpt":{"rendered":"<p>A partir d\u2019avui dilluns 2\u00a0d\u2019abril fins el 20\u00a0de maig, restar\u00e0 obert el per\u00edode de presentaci\u00f3 de sol\u00b7licituds d\u2019ajuts de menjador escolar i material pel curs 2016-2017.<br \/>\nPodeu recollir les sol\u00b7licituds a l\u2019escola o a l\u2019Ajuntament.<\/p>\n<p><a href=\"https:\/\/www.scribd.com\/doc\/311337136\/Cartell-Convocatoria-2016-2017\">Cartell convocat\u00f2ria d&#8217;ajuts de menjador escolar i material 16-17<\/a><\/p>\n","protected":false},"author":1,"featured_media":0,"comment_status":"open","ping_status":"open","sticky":false,"template":"","format":"standard","meta":{"_bbp_topic_count":0,"_bbp_reply_count":0,"_bbp_total_topic_count":0,"_bbp_total_reply_count":0,"_bbp_voice_count":0,"_bbp_anonymous_reply_count":0,"_bbp_topic_count_hidden":0,"_bbp_reply_count_hidden":0,"_bbp_forum_subforum_count":0,"footnotes":""},"categories":[4],"tags":[],"class_list":["post-2913","post","type-post","status-publish","format-standard","hentry","category-portada"],"post_mailing_queue_ids":[],"_links":{"self":[{"href":"https:\/\/agora.xtec.cat\/escolapablopicasso\/wp-json\/wp\/v2\/posts\/2913","targetHints":{"allow":["GET"]}}],"collection":[{"href":"https:\/\/agora.xtec.cat\/escolapablopicasso\/wp-json\/wp\/v2\/posts"}],"about":[{"href":"https:\/\/agora.xtec.cat\/escolapablopicasso\/wp-json\/wp\/v2\/types\/post"}],"author":[{"embeddable":true,"href":"https:\/\/agora.xtec.cat\/escolapablopicasso\/wp-json\/wp\/v2\/users\/1"}],"replies":[{"embeddable":true,"href":"https:\/\/agora.xtec.cat\/escolapablopicasso\/wp-json\/wp\/v2\/comments?post=2913"}],"version-history":[{"count":1,"href":"https:\/\/agora.xtec.cat\/escolapablopicasso\/wp-json\/wp\/v2\/posts\/2913\/revisions"}],"predecessor-version":[{"id":2914,"href":"https:\/\/agora.xtec.cat\/escolapablopicasso\/wp-json\/wp\/v2\/posts\/2913\/revisions\/2914"}],"wp:attachment":[{"href":"https:\/\/agora.xtec.cat\/escolapablopicasso\/wp-json\/wp\/v2\/media?parent=2913"}],"wp:term":[{"taxonomy":"category","embeddable":true,"href":"https:\/\/agora.xtec.cat\/escolapablopicasso\/wp-json\/wp\/v2\/categories?post=2913"},{"taxonomy":"post_tag","embeddable":true,"href":"https:\/\/agora.xtec.cat\/escolapablopicasso\/wp-json\/wp\/v2\/tags?post=2913"}],"curies":[{"name":"wp","href":"https:\/\/api.w.org\/{rel}","templated":true}]}}