{"id":2888,"date":"2016-04-22T13:26:11","date_gmt":"2016-04-22T12:26:11","guid":{"rendered":"http:\/\/agora.xtec.cat\/escolapablopicasso\/?p=2888"},"modified":"2016-06-19T20:51:01","modified_gmt":"2016-06-19T19:51:01","slug":"som-uns-artistes","status":"publish","type":"post","link":"https:\/\/agora.xtec.cat\/escolapablopicasso\/general\/som-uns-artistes\/","title":{"rendered":"Els tercers som uns artistes!"},"content":{"rendered":"<p>Durant la setmana de Sant Jordi no nom\u00e9s hem aprofitat per a fer activitats literaries sin\u00f3 tamb\u00e9 pl\u00e0stiques. Fixeu-vos com treballem i creem originals manualitats.<\/p>\n<p><iframe loading=\"lazy\" title=\"taller de Sant Jordi tercers\" width=\"500\" height=\"375\" src=\"https:\/\/www.youtube.com\/embed\/J162jzY2uFs?feature=oembed\" frameborder=\"0\" allow=\"accelerometer; autoplay; clipboard-write; encrypted-media; gyroscope; picture-in-picture; web-share\" referrerpolicy=\"strict-origin-when-cross-origin\" allowfullscreen><\/iframe><\/p>\n","protected":false},"excerpt":{"rendered":"<p>Durant la setmana de Sant Jordi no nom\u00e9s hem aprofitat per a fer activitats literaries sin\u00f3 tamb\u00e9 pl\u00e0stiques. Fixeu-vos com treballem i creem originals manualitats.<\/p>\n","protected":false},"author":4,"featured_media":0,"comment_status":"open","ping_status":"open","sticky":false,"template":"","format":"standard","meta":{"_bbp_topic_count":0,"_bbp_reply_count":0,"_bbp_total_topic_count":0,"_bbp_total_reply_count":0,"_bbp_voice_count":0,"_bbp_anonymous_reply_count":0,"_bbp_topic_count_hidden":0,"_bbp_reply_count_hidden":0,"_bbp_forum_subforum_count":0,"footnotes":""},"categories":[12,23,1,4,5],"tags":[],"class_list":["post-2888","post","type-post","status-publish","format-standard","hentry","category-3r","category-nadal","category-general","category-portada","category-primaria"],"post_mailing_queue_ids":[],"_links":{"self":[{"href":"https:\/\/agora.xtec.cat\/escolapablopicasso\/wp-json\/wp\/v2\/posts\/2888","targetHints":{"allow":["GET"]}}],"collection":[{"href":"https:\/\/agora.xtec.cat\/escolapablopicasso\/wp-json\/wp\/v2\/posts"}],"about":[{"href":"https:\/\/agora.xtec.cat\/escolapablopicasso\/wp-json\/wp\/v2\/types\/post"}],"author":[{"embeddable":true,"href":"https:\/\/agora.xtec.cat\/escolapablopicasso\/wp-json\/wp\/v2\/users\/4"}],"replies":[{"embeddable":true,"href":"https:\/\/agora.xtec.cat\/escolapablopicasso\/wp-json\/wp\/v2\/comments?post=2888"}],"version-history":[{"count":2,"href":"https:\/\/agora.xtec.cat\/escolapablopicasso\/wp-json\/wp\/v2\/posts\/2888\/revisions"}],"predecessor-version":[{"id":2890,"href":"https:\/\/agora.xtec.cat\/escolapablopicasso\/wp-json\/wp\/v2\/posts\/2888\/revisions\/2890"}],"wp:attachment":[{"href":"https:\/\/agora.xtec.cat\/escolapablopicasso\/wp-json\/wp\/v2\/media?parent=2888"}],"wp:term":[{"taxonomy":"category","embeddable":true,"href":"https:\/\/agora.xtec.cat\/escolapablopicasso\/wp-json\/wp\/v2\/categories?post=2888"},{"taxonomy":"post_tag","embeddable":true,"href":"https:\/\/agora.xtec.cat\/escolapablopicasso\/wp-json\/wp\/v2\/tags?post=2888"}],"curies":[{"name":"wp","href":"https:\/\/api.w.org\/{rel}","templated":true}]}}