{"id":2834,"date":"2016-04-14T15:51:35","date_gmt":"2016-04-14T14:51:35","guid":{"rendered":"http:\/\/agora.xtec.cat\/escolapablopicasso\/?p=2834"},"modified":"2016-04-22T11:34:09","modified_gmt":"2016-04-22T10:34:09","slug":"little-red-segon","status":"publish","type":"post","link":"https:\/\/agora.xtec.cat\/escolapablopicasso\/general\/little-red-segon\/","title":{"rendered":"Little Red. Segon"},"content":{"rendered":"<p>Els alumnes de segon vam anar a l&#8217;Auditori Maria Feliu de Barber\u00e0 del Vall\u00e8s per veure l&#8217;obra en Angl\u00e8s &#8220;Little Red&#8221;. Vam cantar, vam ballar, vam participar i ens ho vam passar genial!!!<\/p>\n<p><iframe loading=\"lazy\" src=\"\/\/player.vimeo.com\/video\/26971610?title=0&amp;amp;byline=0\" width=\"425\" height=\"350\"><\/iframe><\/p>\n<p><figure class=\"figure wp-caption aligncenter\"><img loading=\"lazy\" decoding=\"async\" class=\"size-large wp-image-2837\" src=\"http:\/\/agora.xtec.cat\/escolapablopicasso\/wp-content\/uploads\/usu295\/2016\/04\/IMG_20160414_105815-1024x575.jpg\" alt=\"dav\" width=\"1024\" height=\"575\" srcset=\"https:\/\/agora.xtec.cat\/escolapablopicasso\/wp-content\/uploads\/usu295\/2016\/04\/IMG_20160414_105815-1024x575.jpg 1024w, https:\/\/agora.xtec.cat\/escolapablopicasso\/wp-content\/uploads\/usu295\/2016\/04\/IMG_20160414_105815-300x168.jpg 300w, https:\/\/agora.xtec.cat\/escolapablopicasso\/wp-content\/uploads\/usu295\/2016\/04\/IMG_20160414_105815.jpg 1040w\" sizes=\"auto, (max-width: 1024px) 100vw, 1024px\" \/><figcaption class=\"wp-caption-text\">dav<\/figcaption><\/figure><br \/>\n<figure class=\"figure wp-caption alignnone\"><a href=\"http:\/\/agora.xtec.cat\/escolapablopicasso\/wp-content\/uploads\/usu295\/2016\/04\/IMG_20160414_105828.jpg\"><img loading=\"lazy\" decoding=\"async\" class=\"size-large wp-image-2838\" src=\"http:\/\/agora.xtec.cat\/escolapablopicasso\/wp-content\/uploads\/usu295\/2016\/04\/IMG_20160414_105828-1024x575.jpg\" alt=\"dav\" width=\"1024\" height=\"575\" srcset=\"https:\/\/agora.xtec.cat\/escolapablopicasso\/wp-content\/uploads\/usu295\/2016\/04\/IMG_20160414_105828-1024x575.jpg 1024w, https:\/\/agora.xtec.cat\/escolapablopicasso\/wp-content\/uploads\/usu295\/2016\/04\/IMG_20160414_105828-300x168.jpg 300w, https:\/\/agora.xtec.cat\/escolapablopicasso\/wp-content\/uploads\/usu295\/2016\/04\/IMG_20160414_105828.jpg 1040w\" sizes=\"auto, (max-width: 1024px) 100vw, 1024px\" \/><\/a><figcaption class=\"wp-caption-text\">dav<\/figcaption><\/figure><br \/>\n<figure class=\"figure wp-caption alignnone\"><a href=\"http:\/\/agora.xtec.cat\/escolapablopicasso\/wp-content\/uploads\/usu295\/2016\/04\/IMG_20160414_1109331.jpg\"><img loading=\"lazy\" decoding=\"async\" class=\"size-large wp-image-2839\" src=\"http:\/\/agora.xtec.cat\/escolapablopicasso\/wp-content\/uploads\/usu295\/2016\/04\/IMG_20160414_1109331-1024x575.jpg\" alt=\"mde\" width=\"1024\" height=\"575\" srcset=\"https:\/\/agora.xtec.cat\/escolapablopicasso\/wp-content\/uploads\/usu295\/2016\/04\/IMG_20160414_1109331-1024x575.jpg 1024w, https:\/\/agora.xtec.cat\/escolapablopicasso\/wp-content\/uploads\/usu295\/2016\/04\/IMG_20160414_1109331-300x168.jpg 300w, https:\/\/agora.xtec.cat\/escolapablopicasso\/wp-content\/uploads\/usu295\/2016\/04\/IMG_20160414_1109331.jpg 1040w\" sizes=\"auto, (max-width: 1024px) 100vw, 1024px\" \/><\/a><figcaption class=\"wp-caption-text\">mde<\/figcaption><\/figure><br \/>\n<figure class=\"figure wp-caption alignnone\"><a href=\"http:\/\/agora.xtec.cat\/escolapablopicasso\/wp-content\/uploads\/usu295\/2016\/04\/IMG_20160414_1138411.jpg\"><img loading=\"lazy\" decoding=\"async\" class=\"size-large wp-image-2840\" src=\"http:\/\/agora.xtec.cat\/escolapablopicasso\/wp-content\/uploads\/usu295\/2016\/04\/IMG_20160414_1138411-1024x575.jpg\" alt=\"mde\" width=\"1024\" height=\"575\" srcset=\"https:\/\/agora.xtec.cat\/escolapablopicasso\/wp-content\/uploads\/usu295\/2016\/04\/IMG_20160414_1138411-1024x575.jpg 1024w, https:\/\/agora.xtec.cat\/escolapablopicasso\/wp-content\/uploads\/usu295\/2016\/04\/IMG_20160414_1138411-300x168.jpg 300w, https:\/\/agora.xtec.cat\/escolapablopicasso\/wp-content\/uploads\/usu295\/2016\/04\/IMG_20160414_1138411.jpg 1040w\" sizes=\"auto, (max-width: 1024px) 100vw, 1024px\" \/><\/a><figcaption class=\"wp-caption-text\">mde<\/figcaption><\/figure><\/p>\n","protected":false},"excerpt":{"rendered":"<p>Els alumnes de segon vam anar a l&#8217;Auditori Maria Feliu de Barber\u00e0 del Vall\u00e8s per veure l&#8217;obra en Angl\u00e8s &#8220;Little Red&#8221;. Vam cantar, vam ballar, vam participar i ens ho vam passar genial!!!<\/p>\n<p>dav<br \/>\n<a href=\"http:\/\/agora.xtec.cat\/escolapablopicasso\/wp-content\/uploads\/usu295\/2016\/04\/IMG_20160414_105828.jpg\"><\/a>dav<br \/>\n<a href=\"http:\/\/agora.xtec.cat\/escolapablopicasso\/wp-content\/uploads\/usu295\/2016\/04\/IMG_20160414_1109331.jpg\"><\/a>mde<br \/>\n<a href=\"http:\/\/agora.xtec.cat\/escolapablopicasso\/wp-content\/uploads\/usu295\/2016\/04\/IMG_20160414_1138411.jpg\"><\/a>mde<\/p>\n","protected":false},"author":5,"featured_media":0,"comment_status":"open","ping_status":"open","sticky":false,"template":"","format":"standard","meta":{"_bbp_topic_count":0,"_bbp_reply_count":0,"_bbp_total_topic_count":0,"_bbp_total_reply_count":0,"_bbp_voice_count":0,"_bbp_anonymous_reply_count":0,"_bbp_topic_count_hidden":0,"_bbp_reply_count_hidden":0,"_bbp_forum_subforum_count":0,"footnotes":""},"categories":[11,22,1,4,5,30],"tags":[],"class_list":["post-2834","post","type-post","status-publish","format-standard","hentry","category-2n","category-angles","category-general","category-portada","category-primaria","category-sortides"],"post_mailing_queue_ids":[],"_links":{"self":[{"href":"https:\/\/agora.xtec.cat\/escolapablopicasso\/wp-json\/wp\/v2\/posts\/2834","targetHints":{"allow":["GET"]}}],"collection":[{"href":"https:\/\/agora.xtec.cat\/escolapablopicasso\/wp-json\/wp\/v2\/posts"}],"about":[{"href":"https:\/\/agora.xtec.cat\/escolapablopicasso\/wp-json\/wp\/v2\/types\/post"}],"author":[{"embeddable":true,"href":"https:\/\/agora.xtec.cat\/escolapablopicasso\/wp-json\/wp\/v2\/users\/5"}],"replies":[{"embeddable":true,"href":"https:\/\/agora.xtec.cat\/escolapablopicasso\/wp-json\/wp\/v2\/comments?post=2834"}],"version-history":[{"count":2,"href":"https:\/\/agora.xtec.cat\/escolapablopicasso\/wp-json\/wp\/v2\/posts\/2834\/revisions"}],"predecessor-version":[{"id":2844,"href":"https:\/\/agora.xtec.cat\/escolapablopicasso\/wp-json\/wp\/v2\/posts\/2834\/revisions\/2844"}],"wp:attachment":[{"href":"https:\/\/agora.xtec.cat\/escolapablopicasso\/wp-json\/wp\/v2\/media?parent=2834"}],"wp:term":[{"taxonomy":"category","embeddable":true,"href":"https:\/\/agora.xtec.cat\/escolapablopicasso\/wp-json\/wp\/v2\/categories?post=2834"},{"taxonomy":"post_tag","embeddable":true,"href":"https:\/\/agora.xtec.cat\/escolapablopicasso\/wp-json\/wp\/v2\/tags?post=2834"}],"curies":[{"name":"wp","href":"https:\/\/api.w.org\/{rel}","templated":true}]}}