{"id":2810,"date":"2016-03-11T15:47:25","date_gmt":"2016-03-11T14:47:25","guid":{"rendered":"http:\/\/agora.xtec.cat\/escolapablopicasso\/?p=2810"},"modified":"2016-04-18T15:49:54","modified_gmt":"2016-04-18T14:49:54","slug":"granja-can-deu-p3c","status":"publish","type":"post","link":"https:\/\/agora.xtec.cat\/escolapablopicasso\/general\/granja-can-deu-p3c\/","title":{"rendered":"Granja Can D\u00e9u P3C"},"content":{"rendered":"<p>Hola fam\u00edlies!<\/p>\n<p>El dijous 10 de mar\u00e7 els petits\/es de l\u2019escola vam visitar la granja de Can D\u00e9u.<\/p>\n<p>Vam llaurar, plantar, abonar\u2026 i fins i tot ens vam portar una bona bossa de verdures per fer un bon brou!<\/p>\n<p>Tamb\u00e9 vam visitar diferents animals que vivien a Can D\u00e9u. Vam poder acaronar \u00e0necs i conills, eren molt suaus\u2026 vam donar grans a les gallines\u2026 s\u00f3n ben petites per\u00f2 ens van espantar a m\u00e9s d\u2019un i tamb\u00e9 vam veure el gall. Vam visitar les ovelles, el porc, les cabres i \u2026. Els que vam voler ens vam animar a tocar-li\u00a0 les banyes a la vaca.<\/p>\n<p>Despr\u00e9s d\u2019aprendre tantes coses i viure tantes experi\u00e8ncies a dinar i una bona estona de joc a l\u2019aire lliure!\u00a0 Est\u00e0vem esgotats i alguns a l\u2019autocar\u2026 sssshhhhhhhhhhhhh\u2026..<\/p>\n<p>Va estar un gran dia!!!!<\/p>\n<p><iframe loading=\"lazy\" title=\"Granja Can Deu P3C\" width=\"500\" height=\"375\" src=\"https:\/\/www.youtube.com\/embed\/6jZBJ8RTX88?feature=oembed\" frameborder=\"0\" allow=\"accelerometer; autoplay; clipboard-write; encrypted-media; gyroscope; picture-in-picture; web-share\" referrerpolicy=\"strict-origin-when-cross-origin\" allowfullscreen><\/iframe><\/p>\n","protected":false},"excerpt":{"rendered":"<p>Hola fam\u00edlies!<br \/>\nEl dijous 10 de mar\u00e7 els petits\/es de l\u2019escola vam visitar la granja de Can D\u00e9u.<br \/>\nVam llaurar, plantar, abonar\u2026 i fins i tot ens vam portar una bona bossa de verdures per fer un bon brou!<br \/>\nTamb\u00e9 vam visitar diferents animals que vivien a Can&hellip;  <a href=\"https:\/\/agora.xtec.cat\/escolapablopicasso\/general\/granja-can-deu-p3c\/\" title=\"Read Granja Can D\u00e9u P3C\">Llegeix m\u00e9s\u00bb<\/a><\/p>\n","protected":false},"author":1,"featured_media":0,"comment_status":"open","ping_status":"open","sticky":false,"template":"","format":"standard","meta":{"_bbp_topic_count":0,"_bbp_reply_count":0,"_bbp_total_topic_count":0,"_bbp_total_reply_count":0,"_bbp_voice_count":0,"_bbp_anonymous_reply_count":0,"_bbp_topic_count_hidden":0,"_bbp_reply_count_hidden":0,"_bbp_forum_subforum_count":0,"footnotes":""},"categories":[1,3,2,4,30],"tags":[],"class_list":["post-2810","post","type-post","status-publish","format-standard","hentry","category-general","category-i3","category-infantil","category-portada","category-sortides"],"post_mailing_queue_ids":[],"_links":{"self":[{"href":"https:\/\/agora.xtec.cat\/escolapablopicasso\/wp-json\/wp\/v2\/posts\/2810","targetHints":{"allow":["GET"]}}],"collection":[{"href":"https:\/\/agora.xtec.cat\/escolapablopicasso\/wp-json\/wp\/v2\/posts"}],"about":[{"href":"https:\/\/agora.xtec.cat\/escolapablopicasso\/wp-json\/wp\/v2\/types\/post"}],"author":[{"embeddable":true,"href":"https:\/\/agora.xtec.cat\/escolapablopicasso\/wp-json\/wp\/v2\/users\/1"}],"replies":[{"embeddable":true,"href":"https:\/\/agora.xtec.cat\/escolapablopicasso\/wp-json\/wp\/v2\/comments?post=2810"}],"version-history":[{"count":1,"href":"https:\/\/agora.xtec.cat\/escolapablopicasso\/wp-json\/wp\/v2\/posts\/2810\/revisions"}],"predecessor-version":[{"id":2811,"href":"https:\/\/agora.xtec.cat\/escolapablopicasso\/wp-json\/wp\/v2\/posts\/2810\/revisions\/2811"}],"wp:attachment":[{"href":"https:\/\/agora.xtec.cat\/escolapablopicasso\/wp-json\/wp\/v2\/media?parent=2810"}],"wp:term":[{"taxonomy":"category","embeddable":true,"href":"https:\/\/agora.xtec.cat\/escolapablopicasso\/wp-json\/wp\/v2\/categories?post=2810"},{"taxonomy":"post_tag","embeddable":true,"href":"https:\/\/agora.xtec.cat\/escolapablopicasso\/wp-json\/wp\/v2\/tags?post=2810"}],"curies":[{"name":"wp","href":"https:\/\/api.w.org\/{rel}","templated":true}]}}