{"id":2808,"date":"2016-03-11T12:50:07","date_gmt":"2016-03-11T11:50:07","guid":{"rendered":"http:\/\/agora.xtec.cat\/escolapablopicasso\/?p=2808"},"modified":"2016-04-18T12:52:01","modified_gmt":"2016-04-18T11:52:01","slug":"granja-can-deu-p3a","status":"publish","type":"post","link":"https:\/\/agora.xtec.cat\/escolapablopicasso\/general\/granja-can-deu-p3a\/","title":{"rendered":"Granja Can Deu P3A"},"content":{"rendered":"<p>HOLA FAM\u00cdLIES!<\/p>\n<p>EL DIJOUS 10 DE MAR\u00c7 ELS PETITS\/ES DE L\u2019ESCOLA VAM VISITAR LA GRANJA DE CAN D\u00c9U.<\/p>\n<p>ALL\u00c0 ENS VAN EXPLICAR LA VIDA DEL MAS. COM ES CONREA LA TERRA, QU\u00c8 ENS D\u00d3NA\u2026<\/p>\n<p>VAM LLAURAR, PLANTAR, ABONAR\u2026 I FINS I TOT ENS VAM PORTAR UNA BONA BOSSA DE VERDURES PER FER UN BON BROU!<\/p>\n<p>TAMB\u00c9 VAM VISITAR DIFERENTS ANIMALS QUE VIVIEN A CAN D\u00c9U. VAM PODER ACARONAR \u00c0NECS I CONILLS, EREN MOLT SUAUS\u2026 VAM DONAR GRANS A LES GALLINES\u2026 S\u00d3N BEN PETITES PER\u00d2 ENS VAN ESPANTAR A M\u00c9S D\u2019UN I TAMB\u00c9 VAM VEURE EL GALL. VAM VISITAR LES OVELLES, EL PORC, LES CABRES I \u2026. ELS QUE VAM VOLER ENS VAM ANIMAR A TOCAR-LI\u00a0 LES BANYES A LA VACA.<\/p>\n<p>TAMB\u00c9 VAM PODER DONAR DE MENJAR A LA FERMA I EL\u2026\u2026\u2026\u2026\u2026\u2026\u2026\u2026\u2026\u2026<\/p>\n<p>DESPR\u00c9S D\u2019APRENDRE TANTES COSES I VIURE TANTES EXPERI\u00c8NCIES A DINAR I UNA BONA ESTONA DE JOC A L\u2019AIRE LLIURE!\u00a0 EST\u00c0VEM ESGOTATS I ALGUNS A L\u2019AUTOCAR\u2026 SSSSHHHHHHHHHHHHH\u2026..<\/p>\n<p>VA ESTAR UN GRAN DIA!!!!<\/p>\n<p><iframe loading=\"lazy\" title=\"Granja Can Deu P3A\" width=\"500\" height=\"281\" src=\"https:\/\/www.youtube.com\/embed\/JODuBNJ3SiY?feature=oembed\" frameborder=\"0\" allow=\"accelerometer; autoplay; clipboard-write; encrypted-media; gyroscope; picture-in-picture; web-share\" referrerpolicy=\"strict-origin-when-cross-origin\" allowfullscreen><\/iframe><\/p>\n","protected":false},"excerpt":{"rendered":"<p>HOLA FAM\u00cdLIES!<br \/>\nEL DIJOUS 10 DE MAR\u00c7 ELS PETITS\/ES DE L\u2019ESCOLA VAM VISITAR LA GRANJA DE CAN D\u00c9U.<br \/>\nALL\u00c0 ENS VAN EXPLICAR LA VIDA DEL MAS. COM ES CONREA LA TERRA, QU\u00c8 ENS D\u00d3NA\u2026<br \/>\nVAM LLAURAR, PLANTAR, ABONAR\u2026 I FINS I TOT ENS VAM PORTAR UNA BONA BOSSA&hellip;  <a href=\"https:\/\/agora.xtec.cat\/escolapablopicasso\/general\/granja-can-deu-p3a\/\" title=\"Read Granja Can Deu P3A\">Llegeix m\u00e9s\u00bb<\/a><\/p>\n","protected":false},"author":1,"featured_media":0,"comment_status":"open","ping_status":"open","sticky":false,"template":"","format":"standard","meta":{"_bbp_topic_count":0,"_bbp_reply_count":0,"_bbp_total_topic_count":0,"_bbp_total_reply_count":0,"_bbp_voice_count":0,"_bbp_anonymous_reply_count":0,"_bbp_topic_count_hidden":0,"_bbp_reply_count_hidden":0,"_bbp_forum_subforum_count":0,"footnotes":""},"categories":[1,3,2,4,30],"tags":[],"class_list":["post-2808","post","type-post","status-publish","format-standard","hentry","category-general","category-i3","category-infantil","category-portada","category-sortides"],"post_mailing_queue_ids":[],"_links":{"self":[{"href":"https:\/\/agora.xtec.cat\/escolapablopicasso\/wp-json\/wp\/v2\/posts\/2808","targetHints":{"allow":["GET"]}}],"collection":[{"href":"https:\/\/agora.xtec.cat\/escolapablopicasso\/wp-json\/wp\/v2\/posts"}],"about":[{"href":"https:\/\/agora.xtec.cat\/escolapablopicasso\/wp-json\/wp\/v2\/types\/post"}],"author":[{"embeddable":true,"href":"https:\/\/agora.xtec.cat\/escolapablopicasso\/wp-json\/wp\/v2\/users\/1"}],"replies":[{"embeddable":true,"href":"https:\/\/agora.xtec.cat\/escolapablopicasso\/wp-json\/wp\/v2\/comments?post=2808"}],"version-history":[{"count":1,"href":"https:\/\/agora.xtec.cat\/escolapablopicasso\/wp-json\/wp\/v2\/posts\/2808\/revisions"}],"predecessor-version":[{"id":2809,"href":"https:\/\/agora.xtec.cat\/escolapablopicasso\/wp-json\/wp\/v2\/posts\/2808\/revisions\/2809"}],"wp:attachment":[{"href":"https:\/\/agora.xtec.cat\/escolapablopicasso\/wp-json\/wp\/v2\/media?parent=2808"}],"wp:term":[{"taxonomy":"category","embeddable":true,"href":"https:\/\/agora.xtec.cat\/escolapablopicasso\/wp-json\/wp\/v2\/categories?post=2808"},{"taxonomy":"post_tag","embeddable":true,"href":"https:\/\/agora.xtec.cat\/escolapablopicasso\/wp-json\/wp\/v2\/tags?post=2808"}],"curies":[{"name":"wp","href":"https:\/\/api.w.org\/{rel}","templated":true}]}}