{"id":2751,"date":"2016-04-08T09:00:55","date_gmt":"2016-04-08T08:00:55","guid":{"rendered":"http:\/\/agora.xtec.cat\/escolapablopicasso\/?p=2751"},"modified":"2016-04-22T11:32:59","modified_gmt":"2016-04-22T10:32:59","slug":"rocodrom","status":"publish","type":"post","link":"https:\/\/agora.xtec.cat\/escolapablopicasso\/general\/rocodrom\/","title":{"rendered":"Roc\u00f2drom"},"content":{"rendered":"<p><a href=\"http:\/\/agora.xtec.cat\/escolapablopicasso\/wp-content\/uploads\/usu295\/2016\/04\/IMG_8526-1.jpg\"><img loading=\"lazy\" decoding=\"async\" class=\" alignleft\" src=\"http:\/\/2.bp.blogspot.com\/_3LEYSzNCvnc\/TNgGvaTOc8I\/AAAAAAAAFBo\/FVCZs5eiiWY\/s1600\/b8bc0230af686276a9b8b06b153c81ff.jpg\" alt=\"\" width=\"121\" height=\"81\" \/><\/a><strong>Durant <\/strong><strong>aquest mes d\u2019abril<\/strong><strong>, vindran fam\u00edlies a col\u00b7locar les peces del nostre futur <\/strong><strong>roc\u00f2drom<\/strong><strong>.<\/strong><\/p>\n<p><a href=\"http:\/\/agora.xtec.cat\/escolapablopicasso\/wp-content\/uploads\/usu295\/2016\/04\/IMG_8526-1.jpg\"><img loading=\"lazy\" decoding=\"async\" class=\" wp-image-2752 alignright\" src=\"http:\/\/agora.xtec.cat\/escolapablopicasso\/wp-content\/uploads\/usu295\/2016\/04\/IMG_8526-1.jpg\" alt=\"IMG_8526-1\" width=\"176\" height=\"132\" srcset=\"https:\/\/agora.xtec.cat\/escolapablopicasso\/wp-content\/uploads\/usu295\/2016\/04\/IMG_8526-1.jpg 320w, https:\/\/agora.xtec.cat\/escolapablopicasso\/wp-content\/uploads\/usu295\/2016\/04\/IMG_8526-1-300x225.jpg 300w, https:\/\/agora.xtec.cat\/escolapablopicasso\/wp-content\/uploads\/usu295\/2016\/04\/IMG_8526-1-200x150.jpg 200w\" sizes=\"auto, (max-width: 176px) 100vw, 176px\" \/><\/a><\/p>\n<p><strong>Us enrecordeu que a la Bricoescola, entre d\u2019altres, les fam\u00edlies van pintar uns edificis a les parets del gimn\u00e0s? S\u00ed?<\/strong><\/p>\n<p><strong>Doncs, en breu els vostres fills i filles podran escalar aquests edificis!<\/strong><\/p>\n","protected":false},"excerpt":{"rendered":"<p><a href=\"http:\/\/agora.xtec.cat\/escolapablopicasso\/wp-content\/uploads\/usu295\/2016\/04\/IMG_8526-1.jpg\"><\/a>Durant aquest mes d\u2019abril, vindran fam\u00edlies a col\u00b7locar les peces del nostre futur roc\u00f2drom.<br \/>\n<a href=\"http:\/\/agora.xtec.cat\/escolapablopicasso\/wp-content\/uploads\/usu295\/2016\/04\/IMG_8526-1.jpg\"><\/a><br \/>\nUs enrecordeu que a la Bricoescola, entre d\u2019altres, les fam\u00edlies van pintar uns edificis a les parets del gimn\u00e0s? S\u00ed?<br \/>\nDoncs, en breu els vostres fills i filles podran escalar aquests&hellip;  <a href=\"https:\/\/agora.xtec.cat\/escolapablopicasso\/general\/rocodrom\/\" title=\"Read Roc\u00f2drom\">Llegeix m\u00e9s\u00bb<\/a><\/p>\n","protected":false},"author":1,"featured_media":0,"comment_status":"open","ping_status":"open","sticky":false,"template":"","format":"standard","meta":{"_bbp_topic_count":0,"_bbp_reply_count":0,"_bbp_total_topic_count":0,"_bbp_total_reply_count":0,"_bbp_voice_count":0,"_bbp_anonymous_reply_count":0,"_bbp_topic_count_hidden":0,"_bbp_reply_count_hidden":0,"_bbp_forum_subforum_count":0,"footnotes":""},"categories":[1,4,5],"tags":[],"class_list":["post-2751","post","type-post","status-publish","format-standard","hentry","category-general","category-portada","category-primaria"],"post_mailing_queue_ids":[],"_links":{"self":[{"href":"https:\/\/agora.xtec.cat\/escolapablopicasso\/wp-json\/wp\/v2\/posts\/2751","targetHints":{"allow":["GET"]}}],"collection":[{"href":"https:\/\/agora.xtec.cat\/escolapablopicasso\/wp-json\/wp\/v2\/posts"}],"about":[{"href":"https:\/\/agora.xtec.cat\/escolapablopicasso\/wp-json\/wp\/v2\/types\/post"}],"author":[{"embeddable":true,"href":"https:\/\/agora.xtec.cat\/escolapablopicasso\/wp-json\/wp\/v2\/users\/1"}],"replies":[{"embeddable":true,"href":"https:\/\/agora.xtec.cat\/escolapablopicasso\/wp-json\/wp\/v2\/comments?post=2751"}],"version-history":[{"count":3,"href":"https:\/\/agora.xtec.cat\/escolapablopicasso\/wp-json\/wp\/v2\/posts\/2751\/revisions"}],"predecessor-version":[{"id":2755,"href":"https:\/\/agora.xtec.cat\/escolapablopicasso\/wp-json\/wp\/v2\/posts\/2751\/revisions\/2755"}],"wp:attachment":[{"href":"https:\/\/agora.xtec.cat\/escolapablopicasso\/wp-json\/wp\/v2\/media?parent=2751"}],"wp:term":[{"taxonomy":"category","embeddable":true,"href":"https:\/\/agora.xtec.cat\/escolapablopicasso\/wp-json\/wp\/v2\/categories?post=2751"},{"taxonomy":"post_tag","embeddable":true,"href":"https:\/\/agora.xtec.cat\/escolapablopicasso\/wp-json\/wp\/v2\/tags?post=2751"}],"curies":[{"name":"wp","href":"https:\/\/api.w.org\/{rel}","templated":true}]}}