{"id":2727,"date":"2016-03-31T10:25:59","date_gmt":"2016-03-31T09:25:59","guid":{"rendered":"http:\/\/agora.xtec.cat\/escolapablopicasso\/?p=2727"},"modified":"2016-04-22T11:33:04","modified_gmt":"2016-04-22T10:33:04","slug":"concurs-apilo","status":"publish","type":"post","link":"https:\/\/agora.xtec.cat\/escolapablopicasso\/general\/concurs-apilo\/","title":{"rendered":"CONCURS APILO!!!"},"content":{"rendered":"<p><strong>Com us hem comunicat, despr\u00e9s de la decisi\u00f3 presa pels organitzadors del concurs Apilo, hem tornat a inscriure&#8217;ns des de l\u2019escola. Aix\u00ed que tenim <em>fins el 17 de maig<\/em> per omplir el m\u00e0xim de contenidors possibles.\u00a0Us necessitem!!! Si guanyem, els diners aniran \u00edntegrament a la\u00a0<em>compra de jocs did\u00e0ctics\u00a0pels alumnes de l&#8217;escola<\/em>.\u00a0<\/strong><strong>Vinga, va, entre tots\/es podem aconseguir-ho!!!<\/strong><\/p>\n<p>C<img loading=\"lazy\" decoding=\"async\" class=\" size-medium wp-image-1454 alignright\" src=\"http:\/\/blocs.xtec.cat\/escolapablopicasso\/files\/2015\/04\/IMG_3776-225x300.jpg\" alt=\"IMG_3776\" width=\"225\" height=\"300\" \/>om ja sabeu, han canviat les bases despr\u00e9s del que va passar el curs passat, aix\u00ed que a m\u00e9s de les tres escoles que recullin m\u00e9s piles per alumne, hi haur\u00e0 un premi extra per aquella escola que reculli m\u00e9s piles en total:<\/p>\n<ol>\n<li>PREMI EXTRA: 2.500\u20ac (per qui reculli m\u00e9s kilos en total)<\/li>\n<li>1r premi: 2.500\u20ac (per alumne)<\/li>\n<li>2n premi: 1.500\u20ac (per alumne)<\/li>\n<li>3r premi: 1.000\u20ac (per alumne)<\/li>\n<\/ol>\n<p>La vostra missi\u00f3 com a agents Apilo \u00e9s reclutar els alumnes, amics i familiars per omplir entre tots el coet contenidor de piles esgotades, i perqu\u00e8 aix\u00ed pugui arribar al Planeta Reciclatge!<\/p>\n<p>M\u00e9s info aqu\u00ed: <a title=\"Apilo a l'escola\" href=\"http:\/\/www.apilo.cat\/bases-concurs\/\">\u00a0http:\/\/www.apilo.cat\/bases-concurs\/<\/a><\/p>\n<p>&nbsp;<\/p>\n","protected":false},"excerpt":{"rendered":"<p>Com us hem comunicat, despr\u00e9s de la decisi\u00f3 presa pels organitzadors del concurs Apilo, hem tornat a inscriure&#8217;ns des de l\u2019escola. Aix\u00ed que tenim fins el 17 de maig per omplir el m\u00e0xim de contenidors possibles.\u00a0Us necessitem!!! Si guanyem, els diners aniran \u00edntegrament a la\u00a0compra&hellip;  <a href=\"https:\/\/agora.xtec.cat\/escolapablopicasso\/general\/concurs-apilo\/\" title=\"Read CONCURS APILO!!!\">Llegeix m\u00e9s\u00bb<\/a><\/p>\n","protected":false},"author":1,"featured_media":0,"comment_status":"open","ping_status":"open","sticky":false,"template":"","format":"standard","meta":{"_bbp_topic_count":0,"_bbp_reply_count":0,"_bbp_total_topic_count":0,"_bbp_total_reply_count":0,"_bbp_voice_count":0,"_bbp_anonymous_reply_count":0,"_bbp_topic_count_hidden":0,"_bbp_reply_count_hidden":0,"_bbp_forum_subforum_count":0,"footnotes":""},"categories":[1,2,4,5],"tags":[],"class_list":["post-2727","post","type-post","status-publish","format-standard","hentry","category-general","category-infantil","category-portada","category-primaria"],"post_mailing_queue_ids":[],"_links":{"self":[{"href":"https:\/\/agora.xtec.cat\/escolapablopicasso\/wp-json\/wp\/v2\/posts\/2727","targetHints":{"allow":["GET"]}}],"collection":[{"href":"https:\/\/agora.xtec.cat\/escolapablopicasso\/wp-json\/wp\/v2\/posts"}],"about":[{"href":"https:\/\/agora.xtec.cat\/escolapablopicasso\/wp-json\/wp\/v2\/types\/post"}],"author":[{"embeddable":true,"href":"https:\/\/agora.xtec.cat\/escolapablopicasso\/wp-json\/wp\/v2\/users\/1"}],"replies":[{"embeddable":true,"href":"https:\/\/agora.xtec.cat\/escolapablopicasso\/wp-json\/wp\/v2\/comments?post=2727"}],"version-history":[{"count":2,"href":"https:\/\/agora.xtec.cat\/escolapablopicasso\/wp-json\/wp\/v2\/posts\/2727\/revisions"}],"predecessor-version":[{"id":2730,"href":"https:\/\/agora.xtec.cat\/escolapablopicasso\/wp-json\/wp\/v2\/posts\/2727\/revisions\/2730"}],"wp:attachment":[{"href":"https:\/\/agora.xtec.cat\/escolapablopicasso\/wp-json\/wp\/v2\/media?parent=2727"}],"wp:term":[{"taxonomy":"category","embeddable":true,"href":"https:\/\/agora.xtec.cat\/escolapablopicasso\/wp-json\/wp\/v2\/categories?post=2727"},{"taxonomy":"post_tag","embeddable":true,"href":"https:\/\/agora.xtec.cat\/escolapablopicasso\/wp-json\/wp\/v2\/tags?post=2727"}],"curies":[{"name":"wp","href":"https:\/\/api.w.org\/{rel}","templated":true}]}}