{"id":2720,"date":"2016-03-29T17:36:55","date_gmt":"2016-03-29T16:36:55","guid":{"rendered":"http:\/\/agora.xtec.cat\/escolapablopicasso\/?p=2720"},"modified":"2016-04-09T12:25:30","modified_gmt":"2016-04-09T11:25:30","slug":"comenca-el-periode-de-preinscripcio-2016","status":"publish","type":"post","link":"https:\/\/agora.xtec.cat\/escolapablopicasso\/general\/comenca-el-periode-de-preinscripcio-2016\/","title":{"rendered":"Comen\u00e7a el per\u00edode de preinscripci\u00f3 2016!"},"content":{"rendered":"<p>Des de dem\u00e0, <strong>dimecres 30 de mar\u00e7<\/strong> fins al <strong>dijous, 7 d&#8217;abril<\/strong> podeu venir a lliurar\u00a0les vostres sol\u00b7licituds de preinscripci\u00f3 a la nostra escola:<\/p>\n<p>&#8211; de 9:15h a 11:00h<\/p>\n<p>&#8211; de 11:30 a 13:00h<\/p>\n<p>&#8211; i de 15:15 a 16:30h<\/p>\n<p>Us hi esperem!<\/p>\n<p><a href=\"http:\/\/agora.xtec.cat\/escolapablopicasso\/wp-content\/uploads\/usu295\/2016\/03\/Preincripci\u00f3-Escolar-390x235.jpeg\"><img loading=\"lazy\" decoding=\"async\" class=\"alignnone size-full wp-image-2721\" src=\"http:\/\/agora.xtec.cat\/escolapablopicasso\/wp-content\/uploads\/usu295\/2016\/03\/Preincripci\u00f3-Escolar-390x235.jpeg\" alt=\"Preincripci\u00f3-Escolar-390x235\" width=\"390\" height=\"235\" srcset=\"https:\/\/agora.xtec.cat\/escolapablopicasso\/wp-content\/uploads\/usu295\/2016\/03\/Preincripci\u00f3-Escolar-390x235.jpeg 390w, https:\/\/agora.xtec.cat\/escolapablopicasso\/wp-content\/uploads\/usu295\/2016\/03\/Preincripci\u00f3-Escolar-390x235-300x181.jpeg 300w\" sizes=\"auto, (max-width: 390px) 100vw, 390px\" \/><\/a><\/p>\n","protected":false},"excerpt":{"rendered":"<p>Des de dem\u00e0, dimecres 30 de mar\u00e7 fins al dijous, 7 d&#8217;abril podeu venir a lliurar\u00a0les vostres sol\u00b7licituds de preinscripci\u00f3 a la nostra escola:<br \/>\n&#8211; de 9:15h a 11:00h<br \/>\n&#8211; de 11:30 a 13:00h<br \/>\n&#8211; i de 15:15 a 16:30h<br \/>\nUs hi esperem!<br \/>\n<a href=\"http:\/\/agora.xtec.cat\/escolapablopicasso\/wp-content\/uploads\/usu295\/2016\/03\/Preincripci\u00f3-Escolar-390x235.jpeg\"><\/a><\/p>\n","protected":false},"author":1,"featured_media":0,"comment_status":"open","ping_status":"open","sticky":false,"template":"","format":"standard","meta":{"_bbp_topic_count":0,"_bbp_reply_count":0,"_bbp_total_topic_count":0,"_bbp_total_reply_count":0,"_bbp_voice_count":0,"_bbp_anonymous_reply_count":0,"_bbp_topic_count_hidden":0,"_bbp_reply_count_hidden":0,"_bbp_forum_subforum_count":0,"footnotes":""},"categories":[1,3,4],"tags":[],"class_list":["post-2720","post","type-post","status-publish","format-standard","hentry","category-general","category-i3","category-portada"],"post_mailing_queue_ids":[],"_links":{"self":[{"href":"https:\/\/agora.xtec.cat\/escolapablopicasso\/wp-json\/wp\/v2\/posts\/2720","targetHints":{"allow":["GET"]}}],"collection":[{"href":"https:\/\/agora.xtec.cat\/escolapablopicasso\/wp-json\/wp\/v2\/posts"}],"about":[{"href":"https:\/\/agora.xtec.cat\/escolapablopicasso\/wp-json\/wp\/v2\/types\/post"}],"author":[{"embeddable":true,"href":"https:\/\/agora.xtec.cat\/escolapablopicasso\/wp-json\/wp\/v2\/users\/1"}],"replies":[{"embeddable":true,"href":"https:\/\/agora.xtec.cat\/escolapablopicasso\/wp-json\/wp\/v2\/comments?post=2720"}],"version-history":[{"count":3,"href":"https:\/\/agora.xtec.cat\/escolapablopicasso\/wp-json\/wp\/v2\/posts\/2720\/revisions"}],"predecessor-version":[{"id":2737,"href":"https:\/\/agora.xtec.cat\/escolapablopicasso\/wp-json\/wp\/v2\/posts\/2720\/revisions\/2737"}],"wp:attachment":[{"href":"https:\/\/agora.xtec.cat\/escolapablopicasso\/wp-json\/wp\/v2\/media?parent=2720"}],"wp:term":[{"taxonomy":"category","embeddable":true,"href":"https:\/\/agora.xtec.cat\/escolapablopicasso\/wp-json\/wp\/v2\/categories?post=2720"},{"taxonomy":"post_tag","embeddable":true,"href":"https:\/\/agora.xtec.cat\/escolapablopicasso\/wp-json\/wp\/v2\/tags?post=2720"}],"curies":[{"name":"wp","href":"https:\/\/api.w.org\/{rel}","templated":true}]}}