{"id":2702,"date":"2015-11-16T17:10:47","date_gmt":"2015-11-16T16:10:47","guid":{"rendered":"http:\/\/agora.xtec.cat\/escolapablopicasso\/?p=2702"},"modified":"2016-03-18T13:20:43","modified_gmt":"2016-03-18T12:20:43","slug":"teatre-families-p3-la-castanya-amb-banyes","status":"publish","type":"post","link":"https:\/\/agora.xtec.cat\/escolapablopicasso\/general\/teatre-families-p3-la-castanya-amb-banyes\/","title":{"rendered":"Teatre fam\u00edlies P3: &#8220;La castanya amb banyes&#8221;"},"content":{"rendered":"<p>A qu\u00e8 no sabeu qu\u00e8? Han vingut unes fam\u00edlies a fer-nos una obra de teatre maqu\u00edssima!!<\/p>\n<p>Mireu qu\u00e8 b\u00e9 ho van fer!!!<\/p>\n<p>Durant aquest curs, les mares i pares de P3 vindran a explicar-nos contes en forma d&#8217;obra de teatre! Animeu-vos!!!<\/p>\n<p><iframe loading=\"lazy\" title=\"Teatre fam\u00edlies P3: Castanya amb banyes\" width=\"500\" height=\"281\" src=\"https:\/\/www.youtube.com\/embed\/sIS6SsbSneQ?feature=oembed\" frameborder=\"0\" allow=\"accelerometer; autoplay; clipboard-write; encrypted-media; gyroscope; picture-in-picture; web-share\" referrerpolicy=\"strict-origin-when-cross-origin\" allowfullscreen><\/iframe><\/p>\n","protected":false},"excerpt":{"rendered":"<p>A qu\u00e8 no sabeu qu\u00e8? Han vingut unes fam\u00edlies a fer-nos una obra de teatre maqu\u00edssima!!<br \/>\nMireu qu\u00e8 b\u00e9 ho van fer!!!<br \/>\nDurant aquest curs, les mares i pares de P3 vindran a explicar-nos contes en forma d&#8217;obra de teatre! Animeu-vos!!!<\/p>\n","protected":false},"author":1,"featured_media":0,"comment_status":"open","ping_status":"open","sticky":false,"template":"","format":"standard","meta":{"_bbp_topic_count":0,"_bbp_reply_count":0,"_bbp_total_topic_count":0,"_bbp_total_reply_count":0,"_bbp_voice_count":0,"_bbp_anonymous_reply_count":0,"_bbp_topic_count_hidden":0,"_bbp_reply_count_hidden":0,"_bbp_forum_subforum_count":0,"footnotes":""},"categories":[1,3,2,4],"tags":[],"class_list":["post-2702","post","type-post","status-publish","format-standard","hentry","category-general","category-i3","category-infantil","category-portada"],"post_mailing_queue_ids":[],"_links":{"self":[{"href":"https:\/\/agora.xtec.cat\/escolapablopicasso\/wp-json\/wp\/v2\/posts\/2702","targetHints":{"allow":["GET"]}}],"collection":[{"href":"https:\/\/agora.xtec.cat\/escolapablopicasso\/wp-json\/wp\/v2\/posts"}],"about":[{"href":"https:\/\/agora.xtec.cat\/escolapablopicasso\/wp-json\/wp\/v2\/types\/post"}],"author":[{"embeddable":true,"href":"https:\/\/agora.xtec.cat\/escolapablopicasso\/wp-json\/wp\/v2\/users\/1"}],"replies":[{"embeddable":true,"href":"https:\/\/agora.xtec.cat\/escolapablopicasso\/wp-json\/wp\/v2\/comments?post=2702"}],"version-history":[{"count":3,"href":"https:\/\/agora.xtec.cat\/escolapablopicasso\/wp-json\/wp\/v2\/posts\/2702\/revisions"}],"predecessor-version":[{"id":2705,"href":"https:\/\/agora.xtec.cat\/escolapablopicasso\/wp-json\/wp\/v2\/posts\/2702\/revisions\/2705"}],"wp:attachment":[{"href":"https:\/\/agora.xtec.cat\/escolapablopicasso\/wp-json\/wp\/v2\/media?parent=2702"}],"wp:term":[{"taxonomy":"category","embeddable":true,"href":"https:\/\/agora.xtec.cat\/escolapablopicasso\/wp-json\/wp\/v2\/categories?post=2702"},{"taxonomy":"post_tag","embeddable":true,"href":"https:\/\/agora.xtec.cat\/escolapablopicasso\/wp-json\/wp\/v2\/tags?post=2702"}],"curies":[{"name":"wp","href":"https:\/\/api.w.org\/{rel}","templated":true}]}}