{"id":2681,"date":"2016-03-06T15:27:31","date_gmt":"2016-03-06T14:27:31","guid":{"rendered":"http:\/\/agora.xtec.cat\/escolapablopicasso\/?p=2681"},"modified":"2016-03-13T18:08:36","modified_gmt":"2016-03-13T17:08:36","slug":"portes-obertes-instituts-de-barbera","status":"publish","type":"post","link":"https:\/\/agora.xtec.cat\/escolapablopicasso\/general\/portes-obertes-instituts-de-barbera\/","title":{"rendered":"PORTES OBERTES &#8211; INSTITUTS DE BARBER\u00c0"},"content":{"rendered":"<div>Benvolgudes fam\u00edlies de 6\u00e8,<\/div>\n<div><\/div>\n<div>Com ja sabeu, es van haver d&#8217;ajornar per segona vegada les portes obertes que hi havia plantejades per aquest dissabte 12 de mar\u00e7 i el dimecres 16 de mar\u00e7 als Instituts de Barber\u00e0 del Vall\u00e8s.<\/p>\n<div><\/div>\n<div><b>Finalment es faran el dimecres 30 de mar\u00e7 a les 17:00 hores, <\/b>tot just tornant de vacances.<\/div>\n<\/div>\n<div><\/div>\n<div>Moltes gr\u00e0cies per la vostra comprensi\u00f3.<\/div>\n<div><\/div>\n<div><\/div>\n<div><img loading=\"lazy\" decoding=\"async\" class=\"alignnone\" src=\"http:\/\/agora.xtec.cat\/ieslasedeta\/wp-content\/uploads\/usu656\/2016\/02\/portes_obertes.gif\" alt=\"\" width=\"196\" height=\"196\" \/><\/div>\n<div><\/div>\n","protected":false},"excerpt":{"rendered":"<p>Benvolgudes fam\u00edlies de 6\u00e8,<\/p>\n<p>Com ja sabeu, es van haver d&#8217;ajornar per segona vegada les portes obertes que hi havia plantejades per aquest dissabte 12 de mar\u00e7 i el dimecres 16 de mar\u00e7 als Instituts de Barber\u00e0 del Vall\u00e8s.<\/p>\n<p>Finalment es faran el dimecres 30 de mar\u00e7&hellip;  <a href=\"https:\/\/agora.xtec.cat\/escolapablopicasso\/general\/portes-obertes-instituts-de-barbera\/\" title=\"Read PORTES OBERTES &#8211; INSTITUTS DE BARBER\u00c0\">Llegeix m\u00e9s\u00bb<\/a><\/p>\n","protected":false},"author":1,"featured_media":0,"comment_status":"open","ping_status":"open","sticky":false,"template":"","format":"standard","meta":{"_bbp_topic_count":0,"_bbp_reply_count":0,"_bbp_total_topic_count":0,"_bbp_total_reply_count":0,"_bbp_voice_count":0,"_bbp_anonymous_reply_count":0,"_bbp_topic_count_hidden":0,"_bbp_reply_count_hidden":0,"_bbp_forum_subforum_count":0,"footnotes":""},"categories":[15,1,4,5],"tags":[],"class_list":["post-2681","post","type-post","status-publish","format-standard","hentry","category-6e","category-general","category-portada","category-primaria"],"post_mailing_queue_ids":[],"_links":{"self":[{"href":"https:\/\/agora.xtec.cat\/escolapablopicasso\/wp-json\/wp\/v2\/posts\/2681","targetHints":{"allow":["GET"]}}],"collection":[{"href":"https:\/\/agora.xtec.cat\/escolapablopicasso\/wp-json\/wp\/v2\/posts"}],"about":[{"href":"https:\/\/agora.xtec.cat\/escolapablopicasso\/wp-json\/wp\/v2\/types\/post"}],"author":[{"embeddable":true,"href":"https:\/\/agora.xtec.cat\/escolapablopicasso\/wp-json\/wp\/v2\/users\/1"}],"replies":[{"embeddable":true,"href":"https:\/\/agora.xtec.cat\/escolapablopicasso\/wp-json\/wp\/v2\/comments?post=2681"}],"version-history":[{"count":3,"href":"https:\/\/agora.xtec.cat\/escolapablopicasso\/wp-json\/wp\/v2\/posts\/2681\/revisions"}],"predecessor-version":[{"id":2685,"href":"https:\/\/agora.xtec.cat\/escolapablopicasso\/wp-json\/wp\/v2\/posts\/2681\/revisions\/2685"}],"wp:attachment":[{"href":"https:\/\/agora.xtec.cat\/escolapablopicasso\/wp-json\/wp\/v2\/media?parent=2681"}],"wp:term":[{"taxonomy":"category","embeddable":true,"href":"https:\/\/agora.xtec.cat\/escolapablopicasso\/wp-json\/wp\/v2\/categories?post=2681"},{"taxonomy":"post_tag","embeddable":true,"href":"https:\/\/agora.xtec.cat\/escolapablopicasso\/wp-json\/wp\/v2\/tags?post=2681"}],"curies":[{"name":"wp","href":"https:\/\/api.w.org\/{rel}","templated":true}]}}