{"id":2632,"date":"2016-02-26T19:17:26","date_gmt":"2016-02-26T18:17:26","guid":{"rendered":"http:\/\/agora.xtec.cat\/escolapablopicasso\/?p=2632"},"modified":"2016-02-28T19:24:24","modified_gmt":"2016-02-28T18:24:24","slug":"jornades-atletiques-6e","status":"publish","type":"post","link":"https:\/\/agora.xtec.cat\/escolapablopicasso\/general\/jornades-atletiques-6e\/","title":{"rendered":"Jornades atl\u00e8tiques 6\u00e8"},"content":{"rendered":"<p>Aquest divendres, 26 de maig els i les alumnes de 6\u00e8 han anat a les Pistes Poliesportives de Can Llobet a participar de les Jornades atl\u00e8tiques, on hi eren totes les escoles de Barber\u00e0 i Badia.<\/p>\n<p>Aqu\u00ed teniu una petita mostra! Mireu qu\u00e8 b\u00e9 ho van fer!<\/p>\n<p><iframe loading=\"lazy\" title=\"Jornades atl\u00e8tiques 6\u00e8 2016\" width=\"500\" height=\"281\" src=\"https:\/\/www.youtube.com\/embed\/AL8-8z9j72Q?feature=oembed\" frameborder=\"0\" allow=\"accelerometer; autoplay; clipboard-write; encrypted-media; gyroscope; picture-in-picture; web-share\" referrerpolicy=\"strict-origin-when-cross-origin\" allowfullscreen><\/iframe><\/p>\n","protected":false},"excerpt":{"rendered":"<p>Aquest divendres, 26 de maig els i les alumnes de 6\u00e8 han anat a les Pistes Poliesportives de Can Llobet a participar de les Jornades atl\u00e8tiques, on hi eren totes les escoles de Barber\u00e0 i Badia.<br \/>\nAqu\u00ed teniu una petita mostra! Mireu qu\u00e8 b\u00e9 ho van&hellip;  <a href=\"https:\/\/agora.xtec.cat\/escolapablopicasso\/general\/jornades-atletiques-6e\/\" title=\"Read Jornades atl\u00e8tiques 6\u00e8\">Llegeix m\u00e9s\u00bb<\/a><\/p>\n","protected":false},"author":1,"featured_media":0,"comment_status":"open","ping_status":"open","sticky":false,"template":"","format":"standard","meta":{"_bbp_topic_count":0,"_bbp_reply_count":0,"_bbp_total_topic_count":0,"_bbp_total_reply_count":0,"_bbp_voice_count":0,"_bbp_anonymous_reply_count":0,"_bbp_topic_count_hidden":0,"_bbp_reply_count_hidden":0,"_bbp_forum_subforum_count":0,"footnotes":""},"categories":[15,27,1,4,5,30],"tags":[],"class_list":["post-2632","post","type-post","status-publish","format-standard","hentry","category-6e","category-ed-fisica","category-general","category-portada","category-primaria","category-sortides"],"post_mailing_queue_ids":[],"_links":{"self":[{"href":"https:\/\/agora.xtec.cat\/escolapablopicasso\/wp-json\/wp\/v2\/posts\/2632","targetHints":{"allow":["GET"]}}],"collection":[{"href":"https:\/\/agora.xtec.cat\/escolapablopicasso\/wp-json\/wp\/v2\/posts"}],"about":[{"href":"https:\/\/agora.xtec.cat\/escolapablopicasso\/wp-json\/wp\/v2\/types\/post"}],"author":[{"embeddable":true,"href":"https:\/\/agora.xtec.cat\/escolapablopicasso\/wp-json\/wp\/v2\/users\/1"}],"replies":[{"embeddable":true,"href":"https:\/\/agora.xtec.cat\/escolapablopicasso\/wp-json\/wp\/v2\/comments?post=2632"}],"version-history":[{"count":1,"href":"https:\/\/agora.xtec.cat\/escolapablopicasso\/wp-json\/wp\/v2\/posts\/2632\/revisions"}],"predecessor-version":[{"id":2633,"href":"https:\/\/agora.xtec.cat\/escolapablopicasso\/wp-json\/wp\/v2\/posts\/2632\/revisions\/2633"}],"wp:attachment":[{"href":"https:\/\/agora.xtec.cat\/escolapablopicasso\/wp-json\/wp\/v2\/media?parent=2632"}],"wp:term":[{"taxonomy":"category","embeddable":true,"href":"https:\/\/agora.xtec.cat\/escolapablopicasso\/wp-json\/wp\/v2\/categories?post=2632"},{"taxonomy":"post_tag","embeddable":true,"href":"https:\/\/agora.xtec.cat\/escolapablopicasso\/wp-json\/wp\/v2\/tags?post=2632"}],"curies":[{"name":"wp","href":"https:\/\/api.w.org\/{rel}","templated":true}]}}