{"id":2629,"date":"2016-02-24T18:56:25","date_gmt":"2016-02-24T17:56:25","guid":{"rendered":"http:\/\/agora.xtec.cat\/escolapablopicasso\/?p=2629"},"modified":"2016-02-25T21:39:14","modified_gmt":"2016-02-25T20:39:14","slug":"portes-obertes-institut-can-planas","status":"publish","type":"post","link":"https:\/\/agora.xtec.cat\/escolapablopicasso\/portada\/portes-obertes-institut-can-planas\/","title":{"rendered":"Portes obertes INSTITUTS"},"content":{"rendered":"<p>Informem a les fam\u00edlies de 6\u00e8 que, a l&#8217;espera de la decisi\u00f3 final del Departament d&#8217;Ensenyament respecte l&#8217;escolaritzaci\u00f3 dels alumnes de 1r d&#8217;ESO pel proper curs 2016-2017, les jornades de Portes Obertes a l&#8217;Institut Can Planas i la Rom\u00e0nica, previstes pel proper dissabte 27 de febrer i dimarts 2 de mar\u00e7 han quedat anul\u00b7lades. Esperem poder-vos comunicar ben aviat les noves dates.<\/p>\n","protected":false},"excerpt":{"rendered":"<p>Informem a les fam\u00edlies de 6\u00e8 que, a l&#8217;espera de la decisi\u00f3 final del Departament d&#8217;Ensenyament respecte l&#8217;escolaritzaci\u00f3 dels alumnes de 1r d&#8217;ESO pel proper curs 2016-2017, les jornades de Portes Obertes a l&#8217;Institut Can Planas i la Rom\u00e0nica, previstes pel proper dissabte 27 de&hellip;  <a href=\"https:\/\/agora.xtec.cat\/escolapablopicasso\/portada\/portes-obertes-institut-can-planas\/\" title=\"Read Portes obertes INSTITUTS\">Llegeix m\u00e9s\u00bb<\/a><\/p>\n","protected":false},"author":1,"featured_media":0,"comment_status":"open","ping_status":"open","sticky":false,"template":"","format":"standard","meta":{"_bbp_topic_count":0,"_bbp_reply_count":0,"_bbp_total_topic_count":0,"_bbp_total_reply_count":0,"_bbp_voice_count":0,"_bbp_anonymous_reply_count":0,"_bbp_topic_count_hidden":0,"_bbp_reply_count_hidden":0,"_bbp_forum_subforum_count":0,"footnotes":""},"categories":[4],"tags":[],"class_list":["post-2629","post","type-post","status-publish","format-standard","hentry","category-portada"],"post_mailing_queue_ids":[],"_links":{"self":[{"href":"https:\/\/agora.xtec.cat\/escolapablopicasso\/wp-json\/wp\/v2\/posts\/2629","targetHints":{"allow":["GET"]}}],"collection":[{"href":"https:\/\/agora.xtec.cat\/escolapablopicasso\/wp-json\/wp\/v2\/posts"}],"about":[{"href":"https:\/\/agora.xtec.cat\/escolapablopicasso\/wp-json\/wp\/v2\/types\/post"}],"author":[{"embeddable":true,"href":"https:\/\/agora.xtec.cat\/escolapablopicasso\/wp-json\/wp\/v2\/users\/1"}],"replies":[{"embeddable":true,"href":"https:\/\/agora.xtec.cat\/escolapablopicasso\/wp-json\/wp\/v2\/comments?post=2629"}],"version-history":[{"count":2,"href":"https:\/\/agora.xtec.cat\/escolapablopicasso\/wp-json\/wp\/v2\/posts\/2629\/revisions"}],"predecessor-version":[{"id":2631,"href":"https:\/\/agora.xtec.cat\/escolapablopicasso\/wp-json\/wp\/v2\/posts\/2629\/revisions\/2631"}],"wp:attachment":[{"href":"https:\/\/agora.xtec.cat\/escolapablopicasso\/wp-json\/wp\/v2\/media?parent=2629"}],"wp:term":[{"taxonomy":"category","embeddable":true,"href":"https:\/\/agora.xtec.cat\/escolapablopicasso\/wp-json\/wp\/v2\/categories?post=2629"},{"taxonomy":"post_tag","embeddable":true,"href":"https:\/\/agora.xtec.cat\/escolapablopicasso\/wp-json\/wp\/v2\/tags?post=2629"}],"curies":[{"name":"wp","href":"https:\/\/api.w.org\/{rel}","templated":true}]}}